{"id":12199,"date":"2024-03-12T22:30:15","date_gmt":"2024-03-12T20:30:15","guid":{"rendered":"https:\/\/artsmartiauxcompiegnois.fr\/?p=12199"},"modified":"2024-04-17T19:15:55","modified_gmt":"2024-04-17T17:15:55","slug":"echanges-linguistiques-et-sportifs-entre-lyceens-francais-et-espagnols-sur-les-tatamis-de-lamc","status":"publish","type":"post","link":"https:\/\/artsmartiauxcompiegnois.fr\/?p=12199","title":{"rendered":"Echanges linguistiques et sportifs entre lyc\u00e9ens fran\u00e7ais et espagnols sur les tatamis de l&rsquo;AMC"},"content":{"rendered":"<p><img loading=\"lazy\" class=\"aligncenter size-large wp-image-12200\" src=\"http:\/\/artsmartiauxcompiegnois.fr\/wp-content\/uploads\/2024\/03\/pdailly-2024_modifie-1-1024x288.jpg\" alt=\"\" width=\"960\" height=\"270\" srcset=\"https:\/\/artsmartiauxcompiegnois.fr\/wp-content\/uploads\/2024\/03\/pdailly-2024_modifie-1-1024x288.jpg 1024w, https:\/\/artsmartiauxcompiegnois.fr\/wp-content\/uploads\/2024\/03\/pdailly-2024_modifie-1-300x84.jpg 300w, https:\/\/artsmartiauxcompiegnois.fr\/wp-content\/uploads\/2024\/03\/pdailly-2024_modifie-1-768x216.jpg 768w, https:\/\/artsmartiauxcompiegnois.fr\/wp-content\/uploads\/2024\/03\/pdailly-2024_modifie-1-1536x431.jpg 1536w, https:\/\/artsmartiauxcompiegnois.fr\/wp-content\/uploads\/2024\/03\/pdailly-2024_modifie-1-178x50.jpg 178w, https:\/\/artsmartiauxcompiegnois.fr\/wp-content\/uploads\/2024\/03\/pdailly-2024_modifie-1.jpg 1570w\" sizes=\"(max-width: 960px) 100vw, 960px\" \/><\/p>\n<h4 style=\"text-align: justify;\">Une cinquantaine de lyc\u00e9ens, de Pierre d&rsquo;Ailly avec leur correspondants de Grenade en Espagne, accompagn\u00e9s de leurs professeurs et parents ont assist\u00e9 \u00e0 diff\u00e9rentes d\u00e9monstrations d&rsquo;arts martiaux enseign\u00e9s au Club :<\/h4>\n<ul>\n<li>\u00a0Lutte,<\/li>\n<li>Karat\u00e9,<\/li>\n<li>Judo et<\/li>\n<li>Sanda,<\/li>\n<\/ul>\n<p style=\"text-align: center;\"><strong>Merci et bravo \u00e0 nos intervenants Adam, Damiens, S\u00e9bastien et Isra<\/strong><\/p>\n","protected":false},"excerpt":{"rendered":"<p>Une cinquantaine de lyc\u00e9ens, de Pierre d&rsquo;Ailly avec leur correspondants de Grenade en Espagne, accompagn\u00e9s de leurs professeurs et parents ont assist\u00e9 \u00e0 diff\u00e9rentes d\u00e9monstrations d&rsquo;arts martiaux enseign\u00e9s au Club : \u00a0Lutte, Karat\u00e9, Judo et Sanda, Merci et bravo \u00e0 nos intervenants Adam, Damiens, S\u00e9bastien et Isra<\/p>\n","protected":false},"author":3,"featured_media":0,"comment_status":"closed","ping_status":"closed","sticky":false,"template":"","format":"standard","meta":[],"categories":[7],"tags":[],"_links":{"self":[{"href":"https:\/\/artsmartiauxcompiegnois.fr\/index.php?rest_route=\/wp\/v2\/posts\/12199"}],"collection":[{"href":"https:\/\/artsmartiauxcompiegnois.fr\/index.php?rest_route=\/wp\/v2\/posts"}],"about":[{"href":"https:\/\/artsmartiauxcompiegnois.fr\/index.php?rest_route=\/wp\/v2\/types\/post"}],"author":[{"embeddable":true,"href":"https:\/\/artsmartiauxcompiegnois.fr\/index.php?rest_route=\/wp\/v2\/users\/3"}],"replies":[{"embeddable":true,"href":"https:\/\/artsmartiauxcompiegnois.fr\/index.php?rest_route=%2Fwp%2Fv2%2Fcomments&post=12199"}],"version-history":[{"count":3,"href":"https:\/\/artsmartiauxcompiegnois.fr\/index.php?rest_route=\/wp\/v2\/posts\/12199\/revisions"}],"predecessor-version":[{"id":12230,"href":"https:\/\/artsmartiauxcompiegnois.fr\/index.php?rest_route=\/wp\/v2\/posts\/12199\/revisions\/12230"}],"wp:attachment":[{"href":"https:\/\/artsmartiauxcompiegnois.fr\/index.php?rest_route=%2Fwp%2Fv2%2Fmedia&parent=12199"}],"wp:term":[{"taxonomy":"category","embeddable":true,"href":"https:\/\/artsmartiauxcompiegnois.fr\/index.php?rest_route=%2Fwp%2Fv2%2Fcategories&post=12199"},{"taxonomy":"post_tag","embeddable":true,"href":"https:\/\/artsmartiauxcompiegnois.fr\/index.php?rest_route=%2Fwp%2Fv2%2Ftags&post=12199"}],"curies":[{"name":"wp","href":"https:\/\/api.w.org\/{rel}","templated":true}]}}