{"id":12220,"date":"2024-04-08T13:50:02","date_gmt":"2024-04-08T11:50:02","guid":{"rendered":"https:\/\/artsmartiauxcompiegnois.fr\/?p=12220"},"modified":"2024-04-08T13:50:02","modified_gmt":"2024-04-08T11:50:02","slug":"championnat-inter-departemental-de-judo-tergnier-07-avril-2024","status":"publish","type":"post","link":"https:\/\/artsmartiauxcompiegnois.fr\/?p=12220","title":{"rendered":"Championnat Inter D\u00e9partemental de Judo &#8211; Tergnier &#8211; 07 avril 2024"},"content":{"rendered":"<div class=\"xdj266r x11i5rnm xat24cr x1mh8g0r x1vvkbs x126k92a\">\n<div dir=\"auto\">Dimanche 7 avril 2024 \u00e0 Tergnier, notre club a engag\u00e9 notre comp\u00e9titrice Rose dans la cat\u00e9gorie des -44 kg au Championnat inter-d\u00e9partemental benjamins.<\/div>\n<\/div>\n<div class=\"x11i5rnm xat24cr x1mh8g0r x1vvkbs xtlvy1s x126k92a\">\n<div dir=\"auto\">Notre championne a d\u00e9croch\u00e9 une m\u00e9daille de bronze <span class=\"x3nfvp2 x1j61x8r x1fcty0u xdj266r xhhsvwb xat24cr xgzva0m xxymvpz xlup9mm x1kky2od\"><img loading=\"lazy\" class=\"xz74otr\" src=\"https:\/\/static.xx.fbcdn.net\/images\/emoji.php\/v9\/t96\/1\/16\/1f949.png\" alt=\"\ud83e\udd49\" width=\"16\" height=\"16\" \/><\/span> et se qualifie ainsi au championnat r\u00e9gional qui se d\u00e9roulera le 1er juin 2024.<\/div>\n<\/div>\n<div dir=\"auto\"><img loading=\"lazy\" class=\"aligncenter size-full wp-image-12221\" src=\"http:\/\/artsmartiauxcompiegnois.fr\/wp-content\/uploads\/2024\/04\/judo-07042024-tergnier.jpg\" alt=\"\" width=\"934\" height=\"553\" srcset=\"https:\/\/artsmartiauxcompiegnois.fr\/wp-content\/uploads\/2024\/04\/judo-07042024-tergnier.jpg 934w, https:\/\/artsmartiauxcompiegnois.fr\/wp-content\/uploads\/2024\/04\/judo-07042024-tergnier-300x178.jpg 300w, https:\/\/artsmartiauxcompiegnois.fr\/wp-content\/uploads\/2024\/04\/judo-07042024-tergnier-768x455.jpg 768w, https:\/\/artsmartiauxcompiegnois.fr\/wp-content\/uploads\/2024\/04\/judo-07042024-tergnier-178x105.jpg 178w\" sizes=\"(max-width: 934px) 100vw, 934px\" \/><\/div>\n<div class=\"x11i5rnm xat24cr x1mh8g0r x1vvkbs xtlvy1s x126k92a\">\n<div dir=\"auto\">F\u00e9licitations \u00e0 notre championne et bravo \u00e0 son coach Marina<\/div>\n<div dir=\"auto\"><\/div>\n<\/div>\n","protected":false},"excerpt":{"rendered":"<p>Dimanche 7 avril 2024 \u00e0 Tergnier, notre club a engag\u00e9 notre comp\u00e9titrice Rose dans la cat\u00e9gorie des -44 kg au Championnat inter-d\u00e9partemental benjamins. Notre championne a d\u00e9croch\u00e9 une m\u00e9daille de bronze et se qualifie ainsi au championnat r\u00e9gional qui se d\u00e9roulera le 1er juin 2024. F\u00e9licitations \u00e0 notre championne et bravo \u00e0 son coach Marina<\/p>\n","protected":false},"author":3,"featured_media":0,"comment_status":"closed","ping_status":"closed","sticky":false,"template":"","format":"standard","meta":[],"categories":[7],"tags":[],"_links":{"self":[{"href":"https:\/\/artsmartiauxcompiegnois.fr\/index.php?rest_route=\/wp\/v2\/posts\/12220"}],"collection":[{"href":"https:\/\/artsmartiauxcompiegnois.fr\/index.php?rest_route=\/wp\/v2\/posts"}],"about":[{"href":"https:\/\/artsmartiauxcompiegnois.fr\/index.php?rest_route=\/wp\/v2\/types\/post"}],"author":[{"embeddable":true,"href":"https:\/\/artsmartiauxcompiegnois.fr\/index.php?rest_route=\/wp\/v2\/users\/3"}],"replies":[{"embeddable":true,"href":"https:\/\/artsmartiauxcompiegnois.fr\/index.php?rest_route=%2Fwp%2Fv2%2Fcomments&post=12220"}],"version-history":[{"count":1,"href":"https:\/\/artsmartiauxcompiegnois.fr\/index.php?rest_route=\/wp\/v2\/posts\/12220\/revisions"}],"predecessor-version":[{"id":12222,"href":"https:\/\/artsmartiauxcompiegnois.fr\/index.php?rest_route=\/wp\/v2\/posts\/12220\/revisions\/12222"}],"wp:attachment":[{"href":"https:\/\/artsmartiauxcompiegnois.fr\/index.php?rest_route=%2Fwp%2Fv2%2Fmedia&parent=12220"}],"wp:term":[{"taxonomy":"category","embeddable":true,"href":"https:\/\/artsmartiauxcompiegnois.fr\/index.php?rest_route=%2Fwp%2Fv2%2Fcategories&post=12220"},{"taxonomy":"post_tag","embeddable":true,"href":"https:\/\/artsmartiauxcompiegnois.fr\/index.php?rest_route=%2Fwp%2Fv2%2Ftags&post=12220"}],"curies":[{"name":"wp","href":"https:\/\/api.w.org\/{rel}","templated":true}]}}