{"id":12224,"date":"2024-04-08T14:00:57","date_gmt":"2024-04-08T12:00:57","guid":{"rendered":"https:\/\/artsmartiauxcompiegnois.fr\/?p=12224"},"modified":"2024-04-08T14:14:52","modified_gmt":"2024-04-08T12:14:52","slug":"lutte-stage-regional-et-stage-a-linsep-de-preparation-au-championnat-de-france","status":"publish","type":"post","link":"https:\/\/artsmartiauxcompiegnois.fr\/?p=12224","title":{"rendered":"Lutte : Stage r\u00e9gional et stage \u00e0 l&rsquo;INSEP de pr\u00e9paration au championnat de  France"},"content":{"rendered":"<div dir=\"auto\" style=\"text-align: justify;\">Notre comp\u00e9titeur de lutte Phil\u00e9mon a particip\u00e9 au stage r\u00e9gional de lutte accompagn\u00e9 par Maxime l&rsquo;un des encadrants de lutte, samedi 30 mars 2024 \u00e0 Lille. Un stage d&rsquo;un tr\u00e8s haut niveau pendant lequel notre lutteur a pu \u00e9changer avec des lutteurs de grandes qualit\u00e9s. Ces derniers venaient des diff\u00e9rents clubs des hauts de France en pr\u00e9sence d\u2019une s\u00e9lection de l&rsquo;\u00eele de la R\u00e9union.<\/div>\n<div dir=\"auto\" style=\"text-align: center;\"><\/div>\n<div dir=\"auto\" style=\"text-align: justify;\">Le samedi 6 avril 2024,notre lutteur et son encadrant Adam ont \u00e9t\u00e9 convoqu\u00e9s \u00e0 l&rsquo;INSEP pour un stage de pr\u00e9paration au championnats de France.<\/div>\n","protected":false},"excerpt":{"rendered":"<p>Notre comp\u00e9titeur de lutte Phil\u00e9mon a particip\u00e9 au stage r\u00e9gional de lutte accompagn\u00e9 par Maxime l&rsquo;un des encadrants de lutte, samedi 30 mars 2024 \u00e0 Lille. Un stage d&rsquo;un tr\u00e8s haut niveau pendant lequel notre lutteur a pu \u00e9changer avec des lutteurs de grandes qualit\u00e9s. Ces derniers venaient des diff\u00e9rents clubs des hauts de France [&hellip;]<\/p>\n","protected":false},"author":3,"featured_media":12227,"comment_status":"closed","ping_status":"closed","sticky":false,"template":"","format":"standard","meta":[],"categories":[7],"tags":[],"_links":{"self":[{"href":"https:\/\/artsmartiauxcompiegnois.fr\/index.php?rest_route=\/wp\/v2\/posts\/12224"}],"collection":[{"href":"https:\/\/artsmartiauxcompiegnois.fr\/index.php?rest_route=\/wp\/v2\/posts"}],"about":[{"href":"https:\/\/artsmartiauxcompiegnois.fr\/index.php?rest_route=\/wp\/v2\/types\/post"}],"author":[{"embeddable":true,"href":"https:\/\/artsmartiauxcompiegnois.fr\/index.php?rest_route=\/wp\/v2\/users\/3"}],"replies":[{"embeddable":true,"href":"https:\/\/artsmartiauxcompiegnois.fr\/index.php?rest_route=%2Fwp%2Fv2%2Fcomments&post=12224"}],"version-history":[{"count":3,"href":"https:\/\/artsmartiauxcompiegnois.fr\/index.php?rest_route=\/wp\/v2\/posts\/12224\/revisions"}],"predecessor-version":[{"id":12228,"href":"https:\/\/artsmartiauxcompiegnois.fr\/index.php?rest_route=\/wp\/v2\/posts\/12224\/revisions\/12228"}],"wp:featuredmedia":[{"embeddable":true,"href":"https:\/\/artsmartiauxcompiegnois.fr\/index.php?rest_route=\/wp\/v2\/media\/12227"}],"wp:attachment":[{"href":"https:\/\/artsmartiauxcompiegnois.fr\/index.php?rest_route=%2Fwp%2Fv2%2Fmedia&parent=12224"}],"wp:term":[{"taxonomy":"category","embeddable":true,"href":"https:\/\/artsmartiauxcompiegnois.fr\/index.php?rest_route=%2Fwp%2Fv2%2Fcategories&post=12224"},{"taxonomy":"post_tag","embeddable":true,"href":"https:\/\/artsmartiauxcompiegnois.fr\/index.php?rest_route=%2Fwp%2Fv2%2Ftags&post=12224"}],"curies":[{"name":"wp","href":"https:\/\/api.w.org\/{rel}","templated":true}]}}