{"id":12247,"date":"2024-05-05T22:08:39","date_gmt":"2024-05-05T20:08:39","guid":{"rendered":"https:\/\/artsmartiauxcompiegnois.fr\/?p=12247"},"modified":"2024-05-14T11:16:52","modified_gmt":"2024-05-14T09:16:52","slug":"lutte-sur-sable-en-normandie-04-mai-2024","status":"publish","type":"post","link":"https:\/\/artsmartiauxcompiegnois.fr\/?p=12247","title":{"rendered":"Lutte sur sable en Normandie -04 mai 2024"},"content":{"rendered":"<div class=\"xdj266r x11i5rnm xat24cr x1mh8g0r x1vvkbs x126k92a\">\n<div dir=\"auto\">\u00a0Deux participants de notre club de lutte ont \u00e9t\u00e9 engag\u00e9s pour cette comp\u00e9tition Open de BEACH WRESTLING de Normandie.<\/div>\n<\/div>\n<div class=\"x11i5rnm xat24cr x1mh8g0r x1vvkbs xtlvy1s x126k92a\">\n<div dir=\"auto\" style=\"text-align: center;\">&#8211; Elias qui se place troisi\u00e8me ex aequo dans sa cat\u00e9gorie <span class=\"x3nfvp2 x1j61x8r x1fcty0u xdj266r xhhsvwb xat24cr xgzva0m xxymvpz xlup9mm x1kky2od\"><img loading=\"lazy\" class=\"xz74otr\" src=\"https:\/\/static.xx.fbcdn.net\/images\/emoji.php\/v9\/t96\/1\/16\/1f949.png\" alt=\"\ud83e\udd49\" width=\"16\" height=\"16\" \/><\/span><\/div>\n<\/div>\n<div class=\"x11i5rnm xat24cr x1mh8g0r x1vvkbs xtlvy1s x126k92a\">\n<div dir=\"auto\" style=\"text-align: center;\">&#8211; Adam qui remporte l&rsquo;or <span class=\"x3nfvp2 x1j61x8r x1fcty0u xdj266r xhhsvwb xat24cr xgzva0m xxymvpz xlup9mm x1kky2od\"><img loading=\"lazy\" class=\"xz74otr\" src=\"https:\/\/static.xx.fbcdn.net\/images\/emoji.php\/v9\/t94\/1\/16\/1f947.png\" alt=\"\ud83e\udd47\" width=\"16\" height=\"16\" \/><\/span><\/div>\n<\/div>\n<div class=\"x11i5rnm xat24cr x1mh8g0r x1vvkbs xtlvy1s x126k92a\">\n<div dir=\"auto\"><\/div>\n<div dir=\"auto\" style=\"text-align: center;\">Ce sont les premi\u00e8res m\u00e9dailles de lutte sur sable remport\u00e9es par un club isarien.<img loading=\"lazy\" class=\"aligncenter size-large wp-image-12248\" src=\"http:\/\/artsmartiauxcompiegnois.fr\/wp-content\/uploads\/2024\/05\/lutte-sur-sable-3-768x1024.jpg\" alt=\"\" width=\"768\" height=\"1024\" srcset=\"https:\/\/artsmartiauxcompiegnois.fr\/wp-content\/uploads\/2024\/05\/lutte-sur-sable-3-768x1024.jpg 768w, https:\/\/artsmartiauxcompiegnois.fr\/wp-content\/uploads\/2024\/05\/lutte-sur-sable-3-225x300.jpg 225w, https:\/\/artsmartiauxcompiegnois.fr\/wp-content\/uploads\/2024\/05\/lutte-sur-sable-3-1152x1536.jpg 1152w, https:\/\/artsmartiauxcompiegnois.fr\/wp-content\/uploads\/2024\/05\/lutte-sur-sable-3-134x178.jpg 134w, https:\/\/artsmartiauxcompiegnois.fr\/wp-content\/uploads\/2024\/05\/lutte-sur-sable-3.jpg 1530w\" sizes=\"(max-width: 768px) 100vw, 768px\" \/> <img loading=\"lazy\" class=\"aligncenter size-large wp-image-12249\" src=\"http:\/\/artsmartiauxcompiegnois.fr\/wp-content\/uploads\/2024\/05\/lutte-sur-sable-2-768x1024.jpg\" alt=\"\" width=\"768\" height=\"1024\" srcset=\"https:\/\/artsmartiauxcompiegnois.fr\/wp-content\/uploads\/2024\/05\/lutte-sur-sable-2-768x1024.jpg 768w, https:\/\/artsmartiauxcompiegnois.fr\/wp-content\/uploads\/2024\/05\/lutte-sur-sable-2-225x300.jpg 225w, https:\/\/artsmartiauxcompiegnois.fr\/wp-content\/uploads\/2024\/05\/lutte-sur-sable-2-1152x1536.jpg 1152w, https:\/\/artsmartiauxcompiegnois.fr\/wp-content\/uploads\/2024\/05\/lutte-sur-sable-2-134x178.jpg 134w, https:\/\/artsmartiauxcompiegnois.fr\/wp-content\/uploads\/2024\/05\/lutte-sur-sable-2.jpg 1530w\" sizes=\"(max-width: 768px) 100vw, 768px\" \/> <img loading=\"lazy\" class=\"aligncenter size-large wp-image-12250\" src=\"http:\/\/artsmartiauxcompiegnois.fr\/wp-content\/uploads\/2024\/05\/lutte-sur-sable-1-768x1024.jpg\" alt=\"\" width=\"768\" height=\"1024\" srcset=\"https:\/\/artsmartiauxcompiegnois.fr\/wp-content\/uploads\/2024\/05\/lutte-sur-sable-1-768x1024.jpg 768w, https:\/\/artsmartiauxcompiegnois.fr\/wp-content\/uploads\/2024\/05\/lutte-sur-sable-1-225x300.jpg 225w, https:\/\/artsmartiauxcompiegnois.fr\/wp-content\/uploads\/2024\/05\/lutte-sur-sable-1-1152x1536.jpg 1152w, https:\/\/artsmartiauxcompiegnois.fr\/wp-content\/uploads\/2024\/05\/lutte-sur-sable-1-134x178.jpg 134w, https:\/\/artsmartiauxcompiegnois.fr\/wp-content\/uploads\/2024\/05\/lutte-sur-sable-1.jpg 1512w\" sizes=\"(max-width: 768px) 100vw, 768px\" \/> L&rsquo;histoire continue ! Bravo et f\u00e9licitations \u00e0 nos lutteurs<\/div>\n<\/div>\n","protected":false},"excerpt":{"rendered":"<p>\u00a0Deux participants de notre club de lutte ont \u00e9t\u00e9 engag\u00e9s pour cette comp\u00e9tition Open de BEACH WRESTLING de Normandie. &#8211; Elias qui se place troisi\u00e8me ex aequo dans sa cat\u00e9gorie &#8211; Adam qui remporte l&rsquo;or Ce sont les premi\u00e8res m\u00e9dailles de lutte sur sable remport\u00e9es par un club isarien. L&rsquo;histoire continue ! Bravo et f\u00e9licitations [&hellip;]<\/p>\n","protected":false},"author":3,"featured_media":0,"comment_status":"closed","ping_status":"closed","sticky":false,"template":"","format":"standard","meta":[],"categories":[7],"tags":[315],"_links":{"self":[{"href":"https:\/\/artsmartiauxcompiegnois.fr\/index.php?rest_route=\/wp\/v2\/posts\/12247"}],"collection":[{"href":"https:\/\/artsmartiauxcompiegnois.fr\/index.php?rest_route=\/wp\/v2\/posts"}],"about":[{"href":"https:\/\/artsmartiauxcompiegnois.fr\/index.php?rest_route=\/wp\/v2\/types\/post"}],"author":[{"embeddable":true,"href":"https:\/\/artsmartiauxcompiegnois.fr\/index.php?rest_route=\/wp\/v2\/users\/3"}],"replies":[{"embeddable":true,"href":"https:\/\/artsmartiauxcompiegnois.fr\/index.php?rest_route=%2Fwp%2Fv2%2Fcomments&post=12247"}],"version-history":[{"count":1,"href":"https:\/\/artsmartiauxcompiegnois.fr\/index.php?rest_route=\/wp\/v2\/posts\/12247\/revisions"}],"predecessor-version":[{"id":12251,"href":"https:\/\/artsmartiauxcompiegnois.fr\/index.php?rest_route=\/wp\/v2\/posts\/12247\/revisions\/12251"}],"wp:attachment":[{"href":"https:\/\/artsmartiauxcompiegnois.fr\/index.php?rest_route=%2Fwp%2Fv2%2Fmedia&parent=12247"}],"wp:term":[{"taxonomy":"category","embeddable":true,"href":"https:\/\/artsmartiauxcompiegnois.fr\/index.php?rest_route=%2Fwp%2Fv2%2Fcategories&post=12247"},{"taxonomy":"post_tag","embeddable":true,"href":"https:\/\/artsmartiauxcompiegnois.fr\/index.php?rest_route=%2Fwp%2Fv2%2Ftags&post=12247"}],"curies":[{"name":"wp","href":"https:\/\/api.w.org\/{rel}","templated":true}]}}