{"id":12252,"date":"2024-05-03T20:12:52","date_gmt":"2024-05-03T18:12:52","guid":{"rendered":"https:\/\/artsmartiauxcompiegnois.fr\/?p=12252"},"modified":"2024-05-14T11:29:04","modified_gmt":"2024-05-14T09:29:04","slug":"deux-nouvelles-ceintures-noires-au-club-des-arts-martiaux-compiegnois-04-mai-2024","status":"publish","type":"post","link":"https:\/\/artsmartiauxcompiegnois.fr\/?p=12252","title":{"rendered":"Deux nouvelles ceintures noires au Club des Arts Martiaux Compi\u00e9gnois &#8211; 04 mai 2024"},"content":{"rendered":"<p>Solenn et Kelvin pour avoir obtenu leur ceinture noire 1er Dan en Tai-jitsu, lors de l&rsquo;examen devant le jury de grades vendredi 3 mai 2024 \u00e0 Compi\u00e8gne.<\/p>\n<p><img loading=\"lazy\" class=\"aligncenter size-large wp-image-12253\" src=\"http:\/\/artsmartiauxcompiegnois.fr\/wp-content\/uploads\/2024\/05\/tai-jitsu-ceinture-noire-2024-1024x860.jpg\" alt=\"\" width=\"960\" height=\"806\" srcset=\"https:\/\/artsmartiauxcompiegnois.fr\/wp-content\/uploads\/2024\/05\/tai-jitsu-ceinture-noire-2024-1024x860.jpg 1024w, https:\/\/artsmartiauxcompiegnois.fr\/wp-content\/uploads\/2024\/05\/tai-jitsu-ceinture-noire-2024-300x252.jpg 300w, https:\/\/artsmartiauxcompiegnois.fr\/wp-content\/uploads\/2024\/05\/tai-jitsu-ceinture-noire-2024-768x645.jpg 768w, https:\/\/artsmartiauxcompiegnois.fr\/wp-content\/uploads\/2024\/05\/tai-jitsu-ceinture-noire-2024-178x150.jpg 178w, https:\/\/artsmartiauxcompiegnois.fr\/wp-content\/uploads\/2024\/05\/tai-jitsu-ceinture-noire-2024.jpg 1170w\" sizes=\"(max-width: 960px) 100vw, 960px\" \/><\/p>\n<p>La section de Tai-jitsu est fi\u00e8re d&rsquo;accueillir deux nouvelles ceintures noires.<\/p>\n<p>Nous les f\u00e9licitons.<\/p>\n","protected":false},"excerpt":{"rendered":"<p>Solenn et Kelvin pour avoir obtenu leur ceinture noire 1er Dan en Tai-jitsu, lors de l&rsquo;examen devant le jury de grades vendredi 3 mai 2024 \u00e0 Compi\u00e8gne. La section de Tai-jitsu est fi\u00e8re d&rsquo;accueillir deux nouvelles ceintures noires. Nous les f\u00e9licitons.<\/p>\n","protected":false},"author":3,"featured_media":0,"comment_status":"closed","ping_status":"closed","sticky":false,"template":"","format":"standard","meta":[],"categories":[7,5],"tags":[],"_links":{"self":[{"href":"https:\/\/artsmartiauxcompiegnois.fr\/index.php?rest_route=\/wp\/v2\/posts\/12252"}],"collection":[{"href":"https:\/\/artsmartiauxcompiegnois.fr\/index.php?rest_route=\/wp\/v2\/posts"}],"about":[{"href":"https:\/\/artsmartiauxcompiegnois.fr\/index.php?rest_route=\/wp\/v2\/types\/post"}],"author":[{"embeddable":true,"href":"https:\/\/artsmartiauxcompiegnois.fr\/index.php?rest_route=\/wp\/v2\/users\/3"}],"replies":[{"embeddable":true,"href":"https:\/\/artsmartiauxcompiegnois.fr\/index.php?rest_route=%2Fwp%2Fv2%2Fcomments&post=12252"}],"version-history":[{"count":1,"href":"https:\/\/artsmartiauxcompiegnois.fr\/index.php?rest_route=\/wp\/v2\/posts\/12252\/revisions"}],"predecessor-version":[{"id":12254,"href":"https:\/\/artsmartiauxcompiegnois.fr\/index.php?rest_route=\/wp\/v2\/posts\/12252\/revisions\/12254"}],"wp:attachment":[{"href":"https:\/\/artsmartiauxcompiegnois.fr\/index.php?rest_route=%2Fwp%2Fv2%2Fmedia&parent=12252"}],"wp:term":[{"taxonomy":"category","embeddable":true,"href":"https:\/\/artsmartiauxcompiegnois.fr\/index.php?rest_route=%2Fwp%2Fv2%2Fcategories&post=12252"},{"taxonomy":"post_tag","embeddable":true,"href":"https:\/\/artsmartiauxcompiegnois.fr\/index.php?rest_route=%2Fwp%2Fv2%2Ftags&post=12252"}],"curies":[{"name":"wp","href":"https:\/\/api.w.org\/{rel}","templated":true}]}}