{"id":12255,"date":"2024-04-24T11:29:57","date_gmt":"2024-04-24T09:29:57","guid":{"rendered":"https:\/\/artsmartiauxcompiegnois.fr\/?p=12255"},"modified":"2024-05-14T11:36:54","modified_gmt":"2024-05-14T09:36:54","slug":"championnat-de-france-de-lutte-libre-u20-23-avril-2024","status":"publish","type":"post","link":"https:\/\/artsmartiauxcompiegnois.fr\/?p=12255","title":{"rendered":"championnat de France de lutte libre U20 &#8211; 23 avril 2024"},"content":{"rendered":"<p style=\"text-align: justify;\">Notre lutteur Phil\u00e9mon s&rsquo;est class\u00e9 \u00e0 la 9e place du championnat de France de lutte libre U20, qui s\u2019est d\u00e9roul\u00e9 samedi 23 avril 2024 \u00e0 Saint-Orens de Gameville (Toulouse).<\/p>\n<p><img loading=\"lazy\" class=\"aligncenter size-full wp-image-12256\" src=\"http:\/\/artsmartiauxcompiegnois.fr\/wp-content\/uploads\/2024\/05\/lutte-24042024-2.jpg\" alt=\"\" width=\"556\" height=\"474\" srcset=\"https:\/\/artsmartiauxcompiegnois.fr\/wp-content\/uploads\/2024\/05\/lutte-24042024-2.jpg 556w, https:\/\/artsmartiauxcompiegnois.fr\/wp-content\/uploads\/2024\/05\/lutte-24042024-2-300x256.jpg 300w, https:\/\/artsmartiauxcompiegnois.fr\/wp-content\/uploads\/2024\/05\/lutte-24042024-2-178x152.jpg 178w\" sizes=\"(max-width: 556px) 100vw, 556px\" \/> <img loading=\"lazy\" class=\"aligncenter size-large wp-image-12257\" src=\"http:\/\/artsmartiauxcompiegnois.fr\/wp-content\/uploads\/2024\/05\/lutte-24042024-768x1024.jpg\" alt=\"\" width=\"768\" height=\"1024\" srcset=\"https:\/\/artsmartiauxcompiegnois.fr\/wp-content\/uploads\/2024\/05\/lutte-24042024-768x1024.jpg 768w, https:\/\/artsmartiauxcompiegnois.fr\/wp-content\/uploads\/2024\/05\/lutte-24042024-225x300.jpg 225w, https:\/\/artsmartiauxcompiegnois.fr\/wp-content\/uploads\/2024\/05\/lutte-24042024-1152x1536.jpg 1152w, https:\/\/artsmartiauxcompiegnois.fr\/wp-content\/uploads\/2024\/05\/lutte-24042024-134x178.jpg 134w, https:\/\/artsmartiauxcompiegnois.fr\/wp-content\/uploads\/2024\/05\/lutte-24042024.jpg 1200w\" sizes=\"(max-width: 768px) 100vw, 768px\" \/><\/p>\n<p style=\"text-align: justify;\">Deux victoires lors des deux premiers tours lui ont permis de se hisser en quart de finale. Une d\u00e9faite \u00e0 ce stade contre un adversaire de grande qualit\u00e9 l&rsquo;a rel\u00e9gu\u00e9 en rep\u00eachage. Malheureusement, notre lutteur a perdu son match de rep\u00eachage d&rsquo;un petit point d&rsquo;\u00e9cart. Une d\u00e9faite frustrante, mais une comp\u00e9tition globalement positive &#8211;\u00a0Phil\u00e9mon a pu rivaliser avec tous ses adversaires dans une des cat\u00e9gories les plus relev\u00e9es du championnat.<\/p>\n<p style=\"text-align: justify;\">Bravo \u00e0 lui et \u00e0 son Coach Maxime<\/p>\n","protected":false},"excerpt":{"rendered":"<p>Notre lutteur Phil\u00e9mon s&rsquo;est class\u00e9 \u00e0 la 9e place du championnat de France de lutte libre U20, qui s\u2019est d\u00e9roul\u00e9 samedi 23 avril 2024 \u00e0 Saint-Orens de Gameville (Toulouse). Deux victoires lors des deux premiers tours lui ont permis de se hisser en quart de finale. Une d\u00e9faite \u00e0 ce stade contre un adversaire de [&hellip;]<\/p>\n","protected":false},"author":3,"featured_media":0,"comment_status":"closed","ping_status":"closed","sticky":false,"template":"","format":"standard","meta":[],"categories":[7],"tags":[],"_links":{"self":[{"href":"https:\/\/artsmartiauxcompiegnois.fr\/index.php?rest_route=\/wp\/v2\/posts\/12255"}],"collection":[{"href":"https:\/\/artsmartiauxcompiegnois.fr\/index.php?rest_route=\/wp\/v2\/posts"}],"about":[{"href":"https:\/\/artsmartiauxcompiegnois.fr\/index.php?rest_route=\/wp\/v2\/types\/post"}],"author":[{"embeddable":true,"href":"https:\/\/artsmartiauxcompiegnois.fr\/index.php?rest_route=\/wp\/v2\/users\/3"}],"replies":[{"embeddable":true,"href":"https:\/\/artsmartiauxcompiegnois.fr\/index.php?rest_route=%2Fwp%2Fv2%2Fcomments&post=12255"}],"version-history":[{"count":1,"href":"https:\/\/artsmartiauxcompiegnois.fr\/index.php?rest_route=\/wp\/v2\/posts\/12255\/revisions"}],"predecessor-version":[{"id":12258,"href":"https:\/\/artsmartiauxcompiegnois.fr\/index.php?rest_route=\/wp\/v2\/posts\/12255\/revisions\/12258"}],"wp:attachment":[{"href":"https:\/\/artsmartiauxcompiegnois.fr\/index.php?rest_route=%2Fwp%2Fv2%2Fmedia&parent=12255"}],"wp:term":[{"taxonomy":"category","embeddable":true,"href":"https:\/\/artsmartiauxcompiegnois.fr\/index.php?rest_route=%2Fwp%2Fv2%2Fcategories&post=12255"},{"taxonomy":"post_tag","embeddable":true,"href":"https:\/\/artsmartiauxcompiegnois.fr\/index.php?rest_route=%2Fwp%2Fv2%2Ftags&post=12255"}],"curies":[{"name":"wp","href":"https:\/\/api.w.org\/{rel}","templated":true}]}}