{"id":12263,"date":"2024-04-14T22:47:47","date_gmt":"2024-04-14T20:47:47","guid":{"rendered":"https:\/\/artsmartiauxcompiegnois.fr\/?p=12263"},"modified":"2024-05-14T12:04:02","modified_gmt":"2024-05-14T10:04:02","slug":"open-de-karate-matgny-les-compiegne-14-avril-2024","status":"publish","type":"post","link":"https:\/\/artsmartiauxcompiegnois.fr\/?p=12263","title":{"rendered":"Open de karat\u00e9 &#8211; Margny-les-Compi\u00e8gne &#8211; 14 avril 2024"},"content":{"rendered":"<div class=\"xdj266r x11i5rnm xat24cr x1mh8g0r x1vvkbs x126k92a\">\n<div dir=\"auto\">Dimanche 14 avril 2014, notre club a particip\u00e9 \u00e0 l\u2019Open de karat\u00e9, organis\u00e9 par le Comit\u00e9 de l\u2019Oise de Karat\u00e9 \u00e0 Margny-L\u00e8s-Compi\u00e8gne.<\/div>\n<div dir=\"auto\">Nos karat\u00e9kas ont vaillement d\u00e9fendu les couleurs de notre club en obtenant 11 titres<\/div>\n<\/div>\n<div class=\"x11i5rnm xat24cr x1mh8g0r x1vvkbs xtlvy1s x126k92a\">\n<div dir=\"auto\"><\/div>\n<\/div>\n<div class=\"x11i5rnm xat24cr x1mh8g0r x1vvkbs xtlvy1s x126k92a\">\n<h3 dir=\"auto\">Chez les gar\u00e7ons :<\/h3>\n<\/div>\n<div class=\"x11i5rnm xat24cr x1mh8g0r x1vvkbs xtlvy1s x126k92a\">\n<div dir=\"auto\" style=\"text-align: center;\">Champion combat Alvin KACANI<\/div>\n<div dir=\"auto\" style=\"text-align: center;\">Champion combat Aurel LACI.<\/div>\n<div dir=\"auto\" style=\"text-align: center;\">Vice-Champion Kata et combat Metin KUMRU.<\/div>\n<div dir=\"auto\" style=\"text-align: center;\">3\u00e8me place combat Rayen MAAIZ<\/div>\n<\/div>\n<div class=\"x11i5rnm xat24cr x1mh8g0r x1vvkbs xtlvy1s x126k92a\">\n<h3 dir=\"auto\">Chez les filles :<\/h3>\n<div dir=\"auto\" style=\"text-align: center;\">Championne Kata Hafsa DJARECHE<\/div>\n<div dir=\"auto\" style=\"text-align: center;\">Vice-Championne Kata Nour HAMIDI<\/div>\n<div dir=\"auto\" style=\"text-align: center;\">Vice-Championne combat Ela KUMRU<\/div>\n<div dir=\"auto\" style=\"text-align: center;\">3\u00e8me place Kata Lila BOUAFIA<\/div>\n<div dir=\"auto\" style=\"text-align: center;\">3\u00e8me place Kata Lina ARRASSE<\/div>\n<div dir=\"auto\" style=\"text-align: center;\">3\u00e8me place combat Benisa KACANI<\/div>\n<div dir=\"auto\"><img loading=\"lazy\" class=\"aligncenter size-large wp-image-12271\" src=\"http:\/\/artsmartiauxcompiegnois.fr\/wp-content\/uploads\/2024\/05\/karate-14042024-7-1-1024x771.jpg\" alt=\"\" width=\"960\" height=\"723\" srcset=\"https:\/\/artsmartiauxcompiegnois.fr\/wp-content\/uploads\/2024\/05\/karate-14042024-7-1-1024x771.jpg 1024w, https:\/\/artsmartiauxcompiegnois.fr\/wp-content\/uploads\/2024\/05\/karate-14042024-7-1-300x226.jpg 300w, https:\/\/artsmartiauxcompiegnois.fr\/wp-content\/uploads\/2024\/05\/karate-14042024-7-1-768x578.jpg 768w, https:\/\/artsmartiauxcompiegnois.fr\/wp-content\/uploads\/2024\/05\/karate-14042024-7-1-1536x1157.jpg 1536w, https:\/\/artsmartiauxcompiegnois.fr\/wp-content\/uploads\/2024\/05\/karate-14042024-7-1-178x134.jpg 178w, https:\/\/artsmartiauxcompiegnois.fr\/wp-content\/uploads\/2024\/05\/karate-14042024-7-1.jpg 1599w\" sizes=\"(max-width: 960px) 100vw, 960px\" \/><\/div>\n<\/div>\n<div dir=\"auto\"><\/div>\n<div dir=\"auto\" style=\"text-align: center;\"><img loading=\"lazy\" class=\"aligncenter size-large wp-image-12265\" src=\"http:\/\/artsmartiauxcompiegnois.fr\/wp-content\/uploads\/2024\/05\/karate-14042024-6.jpg\" alt=\"\" width=\"593\" height=\"667\" srcset=\"https:\/\/artsmartiauxcompiegnois.fr\/wp-content\/uploads\/2024\/05\/karate-14042024-6.jpg 593w, https:\/\/artsmartiauxcompiegnois.fr\/wp-content\/uploads\/2024\/05\/karate-14042024-6-267x300.jpg 267w, https:\/\/artsmartiauxcompiegnois.fr\/wp-content\/uploads\/2024\/05\/karate-14042024-6-158x178.jpg 158w\" sizes=\"(max-width: 593px) 100vw, 593px\" \/> <img loading=\"lazy\" class=\"aligncenter size-large wp-image-12266\" src=\"http:\/\/artsmartiauxcompiegnois.fr\/wp-content\/uploads\/2024\/05\/karate-14042024-5.jpg\" alt=\"\" width=\"726\" height=\"696\" srcset=\"https:\/\/artsmartiauxcompiegnois.fr\/wp-content\/uploads\/2024\/05\/karate-14042024-5.jpg 726w, https:\/\/artsmartiauxcompiegnois.fr\/wp-content\/uploads\/2024\/05\/karate-14042024-5-300x288.jpg 300w, https:\/\/artsmartiauxcompiegnois.fr\/wp-content\/uploads\/2024\/05\/karate-14042024-5-178x171.jpg 178w\" sizes=\"(max-width: 726px) 100vw, 726px\" \/> <img loading=\"lazy\" class=\"aligncenter size-large wp-image-12267\" src=\"http:\/\/artsmartiauxcompiegnois.fr\/wp-content\/uploads\/2024\/05\/karate-14042024-4.jpg\" alt=\"\" width=\"631\" height=\"652\" srcset=\"https:\/\/artsmartiauxcompiegnois.fr\/wp-content\/uploads\/2024\/05\/karate-14042024-4.jpg 631w, https:\/\/artsmartiauxcompiegnois.fr\/wp-content\/uploads\/2024\/05\/karate-14042024-4-290x300.jpg 290w, https:\/\/artsmartiauxcompiegnois.fr\/wp-content\/uploads\/2024\/05\/karate-14042024-4-172x178.jpg 172w\" sizes=\"(max-width: 631px) 100vw, 631px\" \/> <img loading=\"lazy\" class=\"aligncenter size-large wp-image-12268\" src=\"http:\/\/artsmartiauxcompiegnois.fr\/wp-content\/uploads\/2024\/05\/karate-14042024-3.jpg\" alt=\"\" width=\"552\" height=\"502\" srcset=\"https:\/\/artsmartiauxcompiegnois.fr\/wp-content\/uploads\/2024\/05\/karate-14042024-3.jpg 552w, https:\/\/artsmartiauxcompiegnois.fr\/wp-content\/uploads\/2024\/05\/karate-14042024-3-300x273.jpg 300w, https:\/\/artsmartiauxcompiegnois.fr\/wp-content\/uploads\/2024\/05\/karate-14042024-3-178x162.jpg 178w\" sizes=\"(max-width: 552px) 100vw, 552px\" \/> <img loading=\"lazy\" class=\"aligncenter size-large wp-image-12269\" src=\"http:\/\/artsmartiauxcompiegnois.fr\/wp-content\/uploads\/2024\/05\/karate-14042024-2-1024x850.jpg\" alt=\"\" width=\"960\" height=\"797\" srcset=\"https:\/\/artsmartiauxcompiegnois.fr\/wp-content\/uploads\/2024\/05\/karate-14042024-2-1024x850.jpg 1024w, https:\/\/artsmartiauxcompiegnois.fr\/wp-content\/uploads\/2024\/05\/karate-14042024-2-300x249.jpg 300w, https:\/\/artsmartiauxcompiegnois.fr\/wp-content\/uploads\/2024\/05\/karate-14042024-2-768x637.jpg 768w, https:\/\/artsmartiauxcompiegnois.fr\/wp-content\/uploads\/2024\/05\/karate-14042024-2-1536x1275.jpg 1536w, https:\/\/artsmartiauxcompiegnois.fr\/wp-content\/uploads\/2024\/05\/karate-14042024-2-178x148.jpg 178w, https:\/\/artsmartiauxcompiegnois.fr\/wp-content\/uploads\/2024\/05\/karate-14042024-2.jpg 1600w\" sizes=\"(max-width: 960px) 100vw, 960px\" \/> <img loading=\"lazy\" class=\"aligncenter size-large wp-image-12270\" src=\"http:\/\/artsmartiauxcompiegnois.fr\/wp-content\/uploads\/2024\/05\/karate-14042024-1.jpg\" alt=\"\" width=\"557\" height=\"505\" srcset=\"https:\/\/artsmartiauxcompiegnois.fr\/wp-content\/uploads\/2024\/05\/karate-14042024-1.jpg 557w, https:\/\/artsmartiauxcompiegnois.fr\/wp-content\/uploads\/2024\/05\/karate-14042024-1-300x272.jpg 300w, https:\/\/artsmartiauxcompiegnois.fr\/wp-content\/uploads\/2024\/05\/karate-14042024-1-178x161.jpg 178w\" sizes=\"(max-width: 557px) 100vw, 557px\" \/><\/div>\n<div class=\"x11i5rnm xat24cr x1mh8g0r x1vvkbs xtlvy1s x126k92a\">\n<div dir=\"auto\"><\/div>\n<div dir=\"auto\"><em><strong>F\u00e9licitations \u00e0 nos comp\u00e9titeurs et bravo au coach<\/strong><\/em><\/div>\n<\/div>\n","protected":false},"excerpt":{"rendered":"<p>Dimanche 14 avril 2014, notre club a particip\u00e9 \u00e0 l\u2019Open de karat\u00e9, organis\u00e9 par le Comit\u00e9 de l\u2019Oise de Karat\u00e9 \u00e0 Margny-L\u00e8s-Compi\u00e8gne. Nos karat\u00e9kas ont vaillement d\u00e9fendu les couleurs de notre club en obtenant 11 titres Chez les gar\u00e7ons : Champion combat Alvin KACANI Champion combat Aurel LACI. Vice-Champion Kata et combat Metin KUMRU. 3\u00e8me [&hellip;]<\/p>\n","protected":false},"author":3,"featured_media":0,"comment_status":"closed","ping_status":"closed","sticky":false,"template":"","format":"standard","meta":[],"categories":[4,7],"tags":[],"_links":{"self":[{"href":"https:\/\/artsmartiauxcompiegnois.fr\/index.php?rest_route=\/wp\/v2\/posts\/12263"}],"collection":[{"href":"https:\/\/artsmartiauxcompiegnois.fr\/index.php?rest_route=\/wp\/v2\/posts"}],"about":[{"href":"https:\/\/artsmartiauxcompiegnois.fr\/index.php?rest_route=\/wp\/v2\/types\/post"}],"author":[{"embeddable":true,"href":"https:\/\/artsmartiauxcompiegnois.fr\/index.php?rest_route=\/wp\/v2\/users\/3"}],"replies":[{"embeddable":true,"href":"https:\/\/artsmartiauxcompiegnois.fr\/index.php?rest_route=%2Fwp%2Fv2%2Fcomments&post=12263"}],"version-history":[{"count":3,"href":"https:\/\/artsmartiauxcompiegnois.fr\/index.php?rest_route=\/wp\/v2\/posts\/12263\/revisions"}],"predecessor-version":[{"id":12274,"href":"https:\/\/artsmartiauxcompiegnois.fr\/index.php?rest_route=\/wp\/v2\/posts\/12263\/revisions\/12274"}],"wp:attachment":[{"href":"https:\/\/artsmartiauxcompiegnois.fr\/index.php?rest_route=%2Fwp%2Fv2%2Fmedia&parent=12263"}],"wp:term":[{"taxonomy":"category","embeddable":true,"href":"https:\/\/artsmartiauxcompiegnois.fr\/index.php?rest_route=%2Fwp%2Fv2%2Fcategories&post=12263"},{"taxonomy":"post_tag","embeddable":true,"href":"https:\/\/artsmartiauxcompiegnois.fr\/index.php?rest_route=%2Fwp%2Fv2%2Ftags&post=12263"}],"curies":[{"name":"wp","href":"https:\/\/api.w.org\/{rel}","templated":true}]}}