{"id":12286,"date":"2024-06-01T22:22:24","date_gmt":"2024-06-01T20:22:24","guid":{"rendered":"https:\/\/artsmartiauxcompiegnois.fr\/?p=12286"},"modified":"2024-07-03T17:26:01","modified_gmt":"2024-07-03T15:26:01","slug":"criterium-regional-des-hauts-de-france-01-juin-2024","status":"publish","type":"post","link":"https:\/\/artsmartiauxcompiegnois.fr\/?p=12286","title":{"rendered":"Crit\u00e9rium R\u00e9gional des Hauts de France &#8211; 01 juin 2024"},"content":{"rendered":"<p><img loading=\"lazy\" class=\"aligncenter size-full wp-image-12290\" src=\"http:\/\/artsmartiauxcompiegnois.fr\/wp-content\/uploads\/2024\/06\/verquin-01062024.jpg\" alt=\"\" width=\"737\" height=\"701\" srcset=\"https:\/\/artsmartiauxcompiegnois.fr\/wp-content\/uploads\/2024\/06\/verquin-01062024.jpg 737w, https:\/\/artsmartiauxcompiegnois.fr\/wp-content\/uploads\/2024\/06\/verquin-01062024-300x285.jpg 300w, https:\/\/artsmartiauxcompiegnois.fr\/wp-content\/uploads\/2024\/06\/verquin-01062024-178x169.jpg 178w\" sizes=\"(max-width: 737px) 100vw, 737px\" \/>Ce samedi 1er juin 2024, le Crit\u00e9rium R\u00e9gional HDF de judo s&rsquo;est d\u00e9roul\u00e9 \u00e0 Verquin.<\/p>\n<p>Notre comp\u00e9titrice, Rose, a fini 3e de sa poule des moins de 48 kg. Malheureusement, elle ne s&rsquo;est pas qualifi\u00e9e pour le tableau final.<\/p>\n<p>Bravo \u00e0 notre championne qui progresse en comp\u00e9tence chaque ann\u00e9e, et bravo aussi \u00e0 son coach, Marina, pour son d\u00e9vouement et le suivi des comp\u00e9titeurs !\u00a0\u00bb<\/p>\n","protected":false},"excerpt":{"rendered":"<p>Ce samedi 1er juin 2024, le Crit\u00e9rium R\u00e9gional HDF de judo s&rsquo;est d\u00e9roul\u00e9 \u00e0 Verquin. Notre comp\u00e9titrice, Rose, a fini 3e de sa poule des moins de 48 kg. Malheureusement, elle ne s&rsquo;est pas qualifi\u00e9e pour le tableau final. Bravo \u00e0 notre championne qui progresse en comp\u00e9tence chaque ann\u00e9e, et bravo aussi \u00e0 son coach, [&hellip;]<\/p>\n","protected":false},"author":3,"featured_media":0,"comment_status":"closed","ping_status":"closed","sticky":false,"template":"","format":"standard","meta":[],"categories":[7],"tags":[],"_links":{"self":[{"href":"https:\/\/artsmartiauxcompiegnois.fr\/index.php?rest_route=\/wp\/v2\/posts\/12286"}],"collection":[{"href":"https:\/\/artsmartiauxcompiegnois.fr\/index.php?rest_route=\/wp\/v2\/posts"}],"about":[{"href":"https:\/\/artsmartiauxcompiegnois.fr\/index.php?rest_route=\/wp\/v2\/types\/post"}],"author":[{"embeddable":true,"href":"https:\/\/artsmartiauxcompiegnois.fr\/index.php?rest_route=\/wp\/v2\/users\/3"}],"replies":[{"embeddable":true,"href":"https:\/\/artsmartiauxcompiegnois.fr\/index.php?rest_route=%2Fwp%2Fv2%2Fcomments&post=12286"}],"version-history":[{"count":5,"href":"https:\/\/artsmartiauxcompiegnois.fr\/index.php?rest_route=\/wp\/v2\/posts\/12286\/revisions"}],"predecessor-version":[{"id":12292,"href":"https:\/\/artsmartiauxcompiegnois.fr\/index.php?rest_route=\/wp\/v2\/posts\/12286\/revisions\/12292"}],"wp:attachment":[{"href":"https:\/\/artsmartiauxcompiegnois.fr\/index.php?rest_route=%2Fwp%2Fv2%2Fmedia&parent=12286"}],"wp:term":[{"taxonomy":"category","embeddable":true,"href":"https:\/\/artsmartiauxcompiegnois.fr\/index.php?rest_route=%2Fwp%2Fv2%2Fcategories&post=12286"},{"taxonomy":"post_tag","embeddable":true,"href":"https:\/\/artsmartiauxcompiegnois.fr\/index.php?rest_route=%2Fwp%2Fv2%2Ftags&post=12286"}],"curies":[{"name":"wp","href":"https:\/\/api.w.org\/{rel}","templated":true}]}}