{"id":12300,"date":"2024-05-25T21:30:00","date_gmt":"2024-05-25T19:30:00","guid":{"rendered":"https:\/\/artsmartiauxcompiegnois.fr\/?p=12300"},"modified":"2024-07-03T17:39:50","modified_gmt":"2024-07-03T15:39:50","slug":"3-lutteurs-du-club-en-lice-au-championnat-de-france-25-mai-2024","status":"publish","type":"post","link":"https:\/\/artsmartiauxcompiegnois.fr\/?p=12300","title":{"rendered":"3 lutteurs du Club, en lice au Championnat de France &#8211; 25 mai 2024"},"content":{"rendered":"<div dir=\"auto\">Notre club a particip\u00e9 \u00e0 son premier championnat de France de lutte senior, ce samedi 25 mai 2024, Le Creusot.<\/div>\n<div dir=\"auto\">Trois athl\u00e8tes \u00e9taient engag\u00e9s : Corentin (97kg), Marc (79kg) et Phil\u00e9mon (65kg).<\/div>\n<div dir=\"auto\">Il s&rsquo;agissait pour chacun de leur premi\u00e8re exp\u00e9rience \u00e0 ce niveau de comp\u00e9tition. Nos lutteurs ont pu affronter et c\u00f4toyer des adversaires aux palmar\u00e8s imposants (champion de France, champion continental et m\u00eame un champion du monde).<\/div>\n<div dir=\"auto\">Malgr\u00e9 cette premi\u00e8re participation \u00e0 ce haut niveau, ils ont remport\u00e9 un combat.<\/div>\n<div dir=\"auto\"><\/div>\n<div dir=\"auto\">La section de lutte est en marche, le travail continue avec nos deux coachs Adam et Maxime, bravo \u00e0 eux et f\u00e9licitations \u00e0 nos comp\u00e9titeurs<\/div>\n<div dir=\"auto\"><\/div>\n<div dir=\"auto\"><img loading=\"lazy\" class=\"aligncenter size-full wp-image-12301\" src=\"http:\/\/artsmartiauxcompiegnois.fr\/wp-content\/uploads\/2024\/07\/lutte-25mai2024.jpg\" alt=\"\" width=\"519\" height=\"523\" srcset=\"https:\/\/artsmartiauxcompiegnois.fr\/wp-content\/uploads\/2024\/07\/lutte-25mai2024.jpg 519w, https:\/\/artsmartiauxcompiegnois.fr\/wp-content\/uploads\/2024\/07\/lutte-25mai2024-298x300.jpg 298w, https:\/\/artsmartiauxcompiegnois.fr\/wp-content\/uploads\/2024\/07\/lutte-25mai2024-150x150.jpg 150w, https:\/\/artsmartiauxcompiegnois.fr\/wp-content\/uploads\/2024\/07\/lutte-25mai2024-178x178.jpg 178w\" sizes=\"(max-width: 519px) 100vw, 519px\" \/><\/div>\n","protected":false},"excerpt":{"rendered":"<p>Notre club a particip\u00e9 \u00e0 son premier championnat de France de lutte senior, ce samedi 25 mai 2024, Le Creusot. Trois athl\u00e8tes \u00e9taient engag\u00e9s : Corentin (97kg), Marc (79kg) et Phil\u00e9mon (65kg). Il s&rsquo;agissait pour chacun de leur premi\u00e8re exp\u00e9rience \u00e0 ce niveau de comp\u00e9tition. Nos lutteurs ont pu affronter et c\u00f4toyer des adversaires aux [&hellip;]<\/p>\n","protected":false},"author":3,"featured_media":12302,"comment_status":"closed","ping_status":"closed","sticky":false,"template":"","format":"standard","meta":[],"categories":[7],"tags":[],"_links":{"self":[{"href":"https:\/\/artsmartiauxcompiegnois.fr\/index.php?rest_route=\/wp\/v2\/posts\/12300"}],"collection":[{"href":"https:\/\/artsmartiauxcompiegnois.fr\/index.php?rest_route=\/wp\/v2\/posts"}],"about":[{"href":"https:\/\/artsmartiauxcompiegnois.fr\/index.php?rest_route=\/wp\/v2\/types\/post"}],"author":[{"embeddable":true,"href":"https:\/\/artsmartiauxcompiegnois.fr\/index.php?rest_route=\/wp\/v2\/users\/3"}],"replies":[{"embeddable":true,"href":"https:\/\/artsmartiauxcompiegnois.fr\/index.php?rest_route=%2Fwp%2Fv2%2Fcomments&post=12300"}],"version-history":[{"count":1,"href":"https:\/\/artsmartiauxcompiegnois.fr\/index.php?rest_route=\/wp\/v2\/posts\/12300\/revisions"}],"predecessor-version":[{"id":12303,"href":"https:\/\/artsmartiauxcompiegnois.fr\/index.php?rest_route=\/wp\/v2\/posts\/12300\/revisions\/12303"}],"wp:featuredmedia":[{"embeddable":true,"href":"https:\/\/artsmartiauxcompiegnois.fr\/index.php?rest_route=\/wp\/v2\/media\/12302"}],"wp:attachment":[{"href":"https:\/\/artsmartiauxcompiegnois.fr\/index.php?rest_route=%2Fwp%2Fv2%2Fmedia&parent=12300"}],"wp:term":[{"taxonomy":"category","embeddable":true,"href":"https:\/\/artsmartiauxcompiegnois.fr\/index.php?rest_route=%2Fwp%2Fv2%2Fcategories&post=12300"},{"taxonomy":"post_tag","embeddable":true,"href":"https:\/\/artsmartiauxcompiegnois.fr\/index.php?rest_route=%2Fwp%2Fv2%2Ftags&post=12300"}],"curies":[{"name":"wp","href":"https:\/\/api.w.org\/{rel}","templated":true}]}}