{"id":12307,"date":"2024-05-04T20:45:38","date_gmt":"2024-05-04T18:45:38","guid":{"rendered":"https:\/\/artsmartiauxcompiegnois.fr\/?p=12307"},"modified":"2024-07-03T17:53:47","modified_gmt":"2024-07-03T15:53:47","slug":"open-de-beach-wrestling-de-normandie-04-mai-2024","status":"publish","type":"post","link":"https:\/\/artsmartiauxcompiegnois.fr\/?p=12307","title":{"rendered":"Open de BEACH WRESTLING de Normandie &#8211; 04 mai 2024"},"content":{"rendered":"<div class=\"xdj266r x11i5rnm xat24cr x1mh8g0r x1vvkbs x126k92a\">\n<div dir=\"auto\">Ce samedi 4 mai 2024 se d\u00e9roulaient les Open de BEACH WRESTLING de Normandie. Deux participants de notre club de lutte ont \u00e9t\u00e9 engag\u00e9s pour cette comp\u00e9tition :<\/div>\n<\/div>\n<div class=\"x11i5rnm xat24cr x1mh8g0r x1vvkbs xtlvy1s x126k92a\">\n<div dir=\"auto\">&#8211; Elias qui se place troisi\u00e8me ex aequo dans sa cat\u00e9gorie <span class=\"html-span xexx8yu x4uap5 x18d9i69 xkhd6sd x1hl2dhg x16tdsg8 x1vvkbs x3nfvp2 x1j61x8r x1fcty0u xdj266r xat24cr xgzva0m xhhsvwb xxymvpz xlup9mm x1kky2od\"><img loading=\"lazy\" class=\"xz74otr\" src=\"https:\/\/static.xx.fbcdn.net\/images\/emoji.php\/v9\/t96\/1\/16\/1f949.png\" alt=\"\ud83e\udd49\" width=\"16\" height=\"16\" \/><\/span><\/div>\n<\/div>\n<div class=\"x11i5rnm xat24cr x1mh8g0r x1vvkbs xtlvy1s x126k92a\">\n<div dir=\"auto\">&#8211; Adam qui remporte l&rsquo;or <span class=\"html-span xexx8yu x4uap5 x18d9i69 xkhd6sd x1hl2dhg x16tdsg8 x1vvkbs x3nfvp2 x1j61x8r x1fcty0u xdj266r xat24cr xgzva0m xhhsvwb xxymvpz xlup9mm x1kky2od\"><img loading=\"lazy\" class=\"xz74otr\" src=\"https:\/\/static.xx.fbcdn.net\/images\/emoji.php\/v9\/t94\/1\/16\/1f947.png\" alt=\"\ud83e\udd47\" width=\"16\" height=\"16\" \/><\/span><\/div>\n<\/div>\n<div class=\"x11i5rnm xat24cr x1mh8g0r x1vvkbs xtlvy1s x126k92a\">\n<div dir=\"auto\">Ce sont les premi\u00e8res m\u00e9dailles de lutte sur sable remport\u00e9es par un club isarien ! L&rsquo;histoire continue !<\/div>\n<div dir=\"auto\"><\/div>\n<div dir=\"auto\">Bravo et f\u00e9licitations \u00e0 nos lutteurs<\/div>\n<div dir=\"auto\"><\/div>\n<\/div>\n<div dir=\"auto\"><img loading=\"lazy\" class=\"aligncenter size-full wp-image-12311\" src=\"http:\/\/artsmartiauxcompiegnois.fr\/wp-content\/uploads\/2024\/05\/open-lutte-05-mau-2024.jpg\" alt=\"\" width=\"567\" height=\"528\" srcset=\"https:\/\/artsmartiauxcompiegnois.fr\/wp-content\/uploads\/2024\/05\/open-lutte-05-mau-2024.jpg 567w, https:\/\/artsmartiauxcompiegnois.fr\/wp-content\/uploads\/2024\/05\/open-lutte-05-mau-2024-300x279.jpg 300w, https:\/\/artsmartiauxcompiegnois.fr\/wp-content\/uploads\/2024\/05\/open-lutte-05-mau-2024-178x166.jpg 178w\" sizes=\"(max-width: 567px) 100vw, 567px\" \/><\/div>\n<div dir=\"auto\"><img loading=\"lazy\" class=\"aligncenter size-full wp-image-12312\" src=\"http:\/\/artsmartiauxcompiegnois.fr\/wp-content\/uploads\/2024\/05\/lutte-05mai2024-1.jpg\" alt=\"\" width=\"571\" height=\"521\" srcset=\"https:\/\/artsmartiauxcompiegnois.fr\/wp-content\/uploads\/2024\/05\/lutte-05mai2024-1.jpg 571w, https:\/\/artsmartiauxcompiegnois.fr\/wp-content\/uploads\/2024\/05\/lutte-05mai2024-1-300x274.jpg 300w, https:\/\/artsmartiauxcompiegnois.fr\/wp-content\/uploads\/2024\/05\/lutte-05mai2024-1-178x162.jpg 178w\" sizes=\"(max-width: 571px) 100vw, 571px\" \/><\/div>\n<div dir=\"auto\"><\/div>\n","protected":false},"excerpt":{"rendered":"<p>Ce samedi 4 mai 2024 se d\u00e9roulaient les Open de BEACH WRESTLING de Normandie. Deux participants de notre club de lutte ont \u00e9t\u00e9 engag\u00e9s pour cette comp\u00e9tition : &#8211; Elias qui se place troisi\u00e8me ex aequo dans sa cat\u00e9gorie &#8211; Adam qui remporte l&rsquo;or Ce sont les premi\u00e8res m\u00e9dailles de lutte sur sable remport\u00e9es par [&hellip;]<\/p>\n","protected":false},"author":3,"featured_media":12308,"comment_status":"closed","ping_status":"closed","sticky":false,"template":"","format":"standard","meta":[],"categories":[7],"tags":[],"_links":{"self":[{"href":"https:\/\/artsmartiauxcompiegnois.fr\/index.php?rest_route=\/wp\/v2\/posts\/12307"}],"collection":[{"href":"https:\/\/artsmartiauxcompiegnois.fr\/index.php?rest_route=\/wp\/v2\/posts"}],"about":[{"href":"https:\/\/artsmartiauxcompiegnois.fr\/index.php?rest_route=\/wp\/v2\/types\/post"}],"author":[{"embeddable":true,"href":"https:\/\/artsmartiauxcompiegnois.fr\/index.php?rest_route=\/wp\/v2\/users\/3"}],"replies":[{"embeddable":true,"href":"https:\/\/artsmartiauxcompiegnois.fr\/index.php?rest_route=%2Fwp%2Fv2%2Fcomments&post=12307"}],"version-history":[{"count":3,"href":"https:\/\/artsmartiauxcompiegnois.fr\/index.php?rest_route=\/wp\/v2\/posts\/12307\/revisions"}],"predecessor-version":[{"id":12313,"href":"https:\/\/artsmartiauxcompiegnois.fr\/index.php?rest_route=\/wp\/v2\/posts\/12307\/revisions\/12313"}],"wp:featuredmedia":[{"embeddable":true,"href":"https:\/\/artsmartiauxcompiegnois.fr\/index.php?rest_route=\/wp\/v2\/media\/12308"}],"wp:attachment":[{"href":"https:\/\/artsmartiauxcompiegnois.fr\/index.php?rest_route=%2Fwp%2Fv2%2Fmedia&parent=12307"}],"wp:term":[{"taxonomy":"category","embeddable":true,"href":"https:\/\/artsmartiauxcompiegnois.fr\/index.php?rest_route=%2Fwp%2Fv2%2Fcategories&post=12307"},{"taxonomy":"post_tag","embeddable":true,"href":"https:\/\/artsmartiauxcompiegnois.fr\/index.php?rest_route=%2Fwp%2Fv2%2Ftags&post=12307"}],"curies":[{"name":"wp","href":"https:\/\/api.w.org\/{rel}","templated":true}]}}