{"id":12342,"date":"2024-07-17T08:55:45","date_gmt":"2024-07-17T06:55:45","guid":{"rendered":"https:\/\/artsmartiauxcompiegnois.fr\/?p=12342"},"modified":"2024-07-17T08:56:39","modified_gmt":"2024-07-17T06:56:39","slug":"le-club-des-arts-martiaux-compiegnois-vient-a-votre-rencontre","status":"publish","type":"post","link":"https:\/\/artsmartiauxcompiegnois.fr\/?p=12342","title":{"rendered":"Le Club des Arts Martiaux Compi\u00e9gnois vient \u00e0 votre rencontre les 18 &#038; 20 juillet 2024"},"content":{"rendered":"<div class=\"xdj266r x11i5rnm xat24cr x1mh8g0r x1vvkbs x126k92a\">\n<div dir=\"auto\">Venez d\u00e9couvrir les diff\u00e9rentes disciplines du Club des Arts Martiaux Compi\u00e9gnois ! Nous vous invitons \u00e0 deux \u00e9v\u00e9nements exceptionnels :<\/div>\n<\/div>\n<div class=\"x11i5rnm xat24cr x1mh8g0r x1vvkbs xtlvy1s x126k92a\">\n<ul>\n<li dir=\"auto\">\n<h2>Jeudi 18 juillet 2024 de 11h30 \u00e0 17h00 au Ch\u00e2teau de Compi\u00e8gne.<\/h2>\n<\/li>\n<\/ul>\n<p>\u00c0 l&rsquo;occasion du passage de la Flamme Olympique Paris 2024, rejoignez-nous pour une journ\u00e9e de d\u00e9monstrations et d&rsquo;initiations aux arts martiaux. D\u00e9couvrez le Judo, la Lutte, le Karat\u00e9, la Self-D\u00e9fense, le Sanda, le Full Contact et bien d&rsquo;autres disciplines. Profitez de l&rsquo;ambiance olympique dans un cadre historique unique !<\/p>\n<\/div>\n<div class=\"x11i5rnm xat24cr x1mh8g0r x1vvkbs xtlvy1s x126k92a\">\n<ul>\n<li dir=\"auto\">\n<h2>Samedi 20 juillet 2024 de 13h00 \u00e0 17h00 \u00e0 Carrefour Venette.<\/h2>\n<\/li>\n<\/ul>\n<p>Nous serons pr\u00e9sents avec des initiations et des d\u00e9monstrations pour vous permettre d&rsquo;essayer nos diff\u00e9rentes disciplines. Venez participer, apprendre et appr\u00e9cier les arts martiaux dans une ambiance conviviale et dynamique !<\/p>\n<\/div>\n<div class=\"x11i5rnm xat24cr x1mh8g0r x1vvkbs xtlvy1s x126k92a\">\n<div dir=\"auto\">Ne manquez pas ces occasions uniques de d\u00e9couvrir et de vous initier aux arts martiaux avec le Club des Arts Martiaux Compi\u00e9gnois ! Nous vous attendons nombreux.<\/div>\n<\/div>\n<div dir=\"auto\"><img loading=\"lazy\" class=\"aligncenter size-full wp-image-12343\" src=\"http:\/\/artsmartiauxcompiegnois.fr\/wp-content\/uploads\/2024\/07\/plan-flam-olympiq.jpg\" alt=\"\" width=\"584\" height=\"395\" srcset=\"https:\/\/artsmartiauxcompiegnois.fr\/wp-content\/uploads\/2024\/07\/plan-flam-olympiq.jpg 584w, https:\/\/artsmartiauxcompiegnois.fr\/wp-content\/uploads\/2024\/07\/plan-flam-olympiq-300x203.jpg 300w, https:\/\/artsmartiauxcompiegnois.fr\/wp-content\/uploads\/2024\/07\/plan-flam-olympiq-178x120.jpg 178w\" sizes=\"(max-width: 584px) 100vw, 584px\" \/><\/div>\n<div dir=\"auto\"><\/div>\n<div dir=\"auto\"><img loading=\"lazy\" class=\"aligncenter size-full wp-image-12344\" src=\"http:\/\/artsmartiauxcompiegnois.fr\/wp-content\/uploads\/2024\/07\/terrain-champions.jpg\" alt=\"\" width=\"515\" height=\"740\" srcset=\"https:\/\/artsmartiauxcompiegnois.fr\/wp-content\/uploads\/2024\/07\/terrain-champions.jpg 515w, https:\/\/artsmartiauxcompiegnois.fr\/wp-content\/uploads\/2024\/07\/terrain-champions-209x300.jpg 209w, https:\/\/artsmartiauxcompiegnois.fr\/wp-content\/uploads\/2024\/07\/terrain-champions-124x178.jpg 124w\" sizes=\"(max-width: 515px) 100vw, 515px\" \/><\/div>\n","protected":false},"excerpt":{"rendered":"<p>Venez d\u00e9couvrir les diff\u00e9rentes disciplines du Club des Arts Martiaux Compi\u00e9gnois ! Nous vous invitons \u00e0 deux \u00e9v\u00e9nements exceptionnels : Jeudi 18 juillet 2024 de 11h30 \u00e0 17h00 au Ch\u00e2teau de Compi\u00e8gne. \u00c0 l&rsquo;occasion du passage de la Flamme Olympique Paris 2024, rejoignez-nous pour une journ\u00e9e de d\u00e9monstrations et d&rsquo;initiations aux arts martiaux. D\u00e9couvrez le [&hellip;]<\/p>\n","protected":false},"author":3,"featured_media":0,"comment_status":"closed","ping_status":"closed","sticky":false,"template":"","format":"standard","meta":[],"categories":[7],"tags":[],"_links":{"self":[{"href":"https:\/\/artsmartiauxcompiegnois.fr\/index.php?rest_route=\/wp\/v2\/posts\/12342"}],"collection":[{"href":"https:\/\/artsmartiauxcompiegnois.fr\/index.php?rest_route=\/wp\/v2\/posts"}],"about":[{"href":"https:\/\/artsmartiauxcompiegnois.fr\/index.php?rest_route=\/wp\/v2\/types\/post"}],"author":[{"embeddable":true,"href":"https:\/\/artsmartiauxcompiegnois.fr\/index.php?rest_route=\/wp\/v2\/users\/3"}],"replies":[{"embeddable":true,"href":"https:\/\/artsmartiauxcompiegnois.fr\/index.php?rest_route=%2Fwp%2Fv2%2Fcomments&post=12342"}],"version-history":[{"count":2,"href":"https:\/\/artsmartiauxcompiegnois.fr\/index.php?rest_route=\/wp\/v2\/posts\/12342\/revisions"}],"predecessor-version":[{"id":12346,"href":"https:\/\/artsmartiauxcompiegnois.fr\/index.php?rest_route=\/wp\/v2\/posts\/12342\/revisions\/12346"}],"wp:attachment":[{"href":"https:\/\/artsmartiauxcompiegnois.fr\/index.php?rest_route=%2Fwp%2Fv2%2Fmedia&parent=12342"}],"wp:term":[{"taxonomy":"category","embeddable":true,"href":"https:\/\/artsmartiauxcompiegnois.fr\/index.php?rest_route=%2Fwp%2Fv2%2Fcategories&post=12342"},{"taxonomy":"post_tag","embeddable":true,"href":"https:\/\/artsmartiauxcompiegnois.fr\/index.php?rest_route=%2Fwp%2Fv2%2Ftags&post=12342"}],"curies":[{"name":"wp","href":"https:\/\/api.w.org\/{rel}","templated":true}]}}