{"id":12350,"date":"2024-07-21T20:20:02","date_gmt":"2024-07-21T18:20:02","guid":{"rendered":"https:\/\/artsmartiauxcompiegnois.fr\/?p=12350"},"modified":"2024-07-23T20:32:16","modified_gmt":"2024-07-23T18:32:16","slug":"notre-sensei-marcel-mottet-sest-eteint-le-20-juillet-2024","status":"publish","type":"post","link":"https:\/\/artsmartiauxcompiegnois.fr\/?p=12350","title":{"rendered":"Notre Sensei Marcel MOTTET s&rsquo;est \u00e9teint le 20 juillet 2024"},"content":{"rendered":"<div class=\"xdj266r x11i5rnm xat24cr x1mh8g0r x1vvkbs x126k92a\">\n<div dir=\"auto\">Chers membres de la communaut\u00e9 des Arts Martiaux Compi\u00e9gnois et au-del\u00e0,<\/div>\n<div dir=\"auto\"><\/div>\n<\/div>\n<div class=\"x11i5rnm xat24cr x1mh8g0r x1vvkbs xtlvy1s x126k92a\">\n<div dir=\"auto\" style=\"text-align: justify;\">C&rsquo;est avec une profonde tristesse que nous vous informons de la c\u00e9r\u00e9monie des obs\u00e8ques de notre Sensei Marcel MOTTET, fondateur du club des Arts Martiaux Compi\u00e9gnois. Cette c\u00e9r\u00e9monie se d\u00e9roulera le mardi 30 juillet 2024 \u00e0 10h \u00e0 l&rsquo;\u00e9glise Saint-Paul des Sablons \u00e0 Compi\u00e8gne.<\/div>\n<div dir=\"auto\" style=\"text-align: center;\"><\/div>\n<\/div>\n<div class=\"x11i5rnm xat24cr x1mh8g0r x1vvkbs xtlvy1s x126k92a\" style=\"text-align: justify;\">\n<div dir=\"auto\">Marcel Mottet a marqu\u00e9 de son empreinte le monde des arts martiaux et notre r\u00e9gion, partageant sa passion, son savoir et son engagement avec des g\u00e9n\u00e9rations de pratiquants. En concertation avec la famille de notre Sensei, nous vous informons que celle-ci ne souhaite ni fleurs, ni gerbes, ni plaques. Ceux qui le souhaitent sont invit\u00e9s \u00e0 faire un don en ligne pour des associations ou fondations d\u00e9di\u00e9es \u00e0 la recherche m\u00e9dicale, un geste qui refl\u00e8te l&rsquo;esprit g\u00e9n\u00e9reux et altruiste de Marcel MOTTET.<\/div>\n<\/div>\n<div dir=\"auto\" style=\"text-align: justify;\"><\/div>\n<div class=\"x11i5rnm xat24cr x1mh8g0r x1vvkbs xtlvy1s x126k92a\" style=\"text-align: justify;\">\n<div dir=\"auto\">Cette c\u00e9r\u00e9monie sera l&rsquo;occasion de lui rendre un dernier hommage \u00e0 la hauteur de son engagement et de son d\u00e9vouement pour la pratique sportive et son enseignement des valeurs morales et \u00e9thiques des arts martiaux depuis plus de 40 ans. Nous esp\u00e9rons vous voir nombreux pour honorer sa m\u00e9moire et t\u00e9moigner de l&rsquo;impact profond qu&rsquo;il a eu sur notre communaut\u00e9.<\/div>\n<div dir=\"auto\"><\/div>\n<\/div>\n<div class=\"x11i5rnm xat24cr x1mh8g0r x1vvkbs xtlvy1s x126k92a\" style=\"text-align: center;\">\n<div dir=\"auto\">Avec toute notre gratitude sportive,<\/div>\n<div dir=\"auto\"><\/div>\n<\/div>\n<div class=\"x11i5rnm xat24cr x1mh8g0r x1vvkbs xtlvy1s x126k92a\">\n<div dir=\"auto\" style=\"text-align: center;\">Le club AMC<\/div>\n<\/div>\n","protected":false},"excerpt":{"rendered":"<p>Chers membres de la communaut\u00e9 des Arts Martiaux Compi\u00e9gnois et au-del\u00e0, C&rsquo;est avec une profonde tristesse que nous vous informons de la c\u00e9r\u00e9monie des obs\u00e8ques de notre Sensei Marcel MOTTET, fondateur du club des Arts Martiaux Compi\u00e9gnois. Cette c\u00e9r\u00e9monie se d\u00e9roulera le mardi 30 juillet 2024 \u00e0 10h \u00e0 l&rsquo;\u00e9glise Saint-Paul des Sablons \u00e0 Compi\u00e8gne. [&hellip;]<\/p>\n","protected":false},"author":3,"featured_media":12351,"comment_status":"closed","ping_status":"closed","sticky":false,"template":"","format":"standard","meta":[],"categories":[7],"tags":[],"_links":{"self":[{"href":"https:\/\/artsmartiauxcompiegnois.fr\/index.php?rest_route=\/wp\/v2\/posts\/12350"}],"collection":[{"href":"https:\/\/artsmartiauxcompiegnois.fr\/index.php?rest_route=\/wp\/v2\/posts"}],"about":[{"href":"https:\/\/artsmartiauxcompiegnois.fr\/index.php?rest_route=\/wp\/v2\/types\/post"}],"author":[{"embeddable":true,"href":"https:\/\/artsmartiauxcompiegnois.fr\/index.php?rest_route=\/wp\/v2\/users\/3"}],"replies":[{"embeddable":true,"href":"https:\/\/artsmartiauxcompiegnois.fr\/index.php?rest_route=%2Fwp%2Fv2%2Fcomments&post=12350"}],"version-history":[{"count":1,"href":"https:\/\/artsmartiauxcompiegnois.fr\/index.php?rest_route=\/wp\/v2\/posts\/12350\/revisions"}],"predecessor-version":[{"id":12352,"href":"https:\/\/artsmartiauxcompiegnois.fr\/index.php?rest_route=\/wp\/v2\/posts\/12350\/revisions\/12352"}],"wp:featuredmedia":[{"embeddable":true,"href":"https:\/\/artsmartiauxcompiegnois.fr\/index.php?rest_route=\/wp\/v2\/media\/12351"}],"wp:attachment":[{"href":"https:\/\/artsmartiauxcompiegnois.fr\/index.php?rest_route=%2Fwp%2Fv2%2Fmedia&parent=12350"}],"wp:term":[{"taxonomy":"category","embeddable":true,"href":"https:\/\/artsmartiauxcompiegnois.fr\/index.php?rest_route=%2Fwp%2Fv2%2Fcategories&post=12350"},{"taxonomy":"post_tag","embeddable":true,"href":"https:\/\/artsmartiauxcompiegnois.fr\/index.php?rest_route=%2Fwp%2Fv2%2Ftags&post=12350"}],"curies":[{"name":"wp","href":"https:\/\/api.w.org\/{rel}","templated":true}]}}