{"id":12375,"date":"2024-07-30T12:00:16","date_gmt":"2024-07-30T10:00:16","guid":{"rendered":"https:\/\/artsmartiauxcompiegnois.fr\/?p=12375"},"modified":"2024-07-31T12:19:13","modified_gmt":"2024-07-31T10:19:13","slug":"dernier-hommage-a-notre-sensei-marcel-mottet-mardi-matin-30-juillet-2024","status":"publish","type":"post","link":"https:\/\/artsmartiauxcompiegnois.fr\/?p=12375","title":{"rendered":"Dernier hommage \u00e0 notre Sensei Marcel MOTTET, mardi matin 30 juillet 2024"},"content":{"rendered":"<div class=\"xdj266r x11i5rnm xat24cr x1mh8g0r x1vvkbs x126k92a\">\n<h3 dir=\"auto\" style=\"text-align: center;\">Dernier hommage \u00e0 notre Sensei Marcel MOTTET, ce mardi matin 30 juillet 2024<\/h3>\n<h3 dir=\"auto\" style=\"text-align: center;\">\u00e0 l\u2019Eglise Saint-Paul des Sablons, Compi\u00e8gne.<\/h3>\n<div dir=\"auto\"><\/div>\n<\/div>\n<div class=\"x11i5rnm xat24cr x1mh8g0r x1vvkbs xtlvy1s x126k92a\">\n<div dir=\"auto\" style=\"text-align: justify;\">Marcel MOTTET 7\u00e8me dan en karat\u00e9 et 5eme dan en judo! C\u2019est en 1968 que Marcel fonde les Arts Martiaux Compi\u00e9gnois.<\/div>\n<div dir=\"auto\"><\/div>\n<\/div>\n<div class=\"x11i5rnm xat24cr x1mh8g0r x1vvkbs xtlvy1s x126k92a\">\n<div dir=\"auto\">Pour parfaire son savoir, il s\u2019entra\u00eene assid\u00fbment dans des clubs \u00e0 Paris, chaque semaine, dans de nombreuses disciplines.<\/div>\n<\/div>\n<div class=\"x11i5rnm xat24cr x1mh8g0r x1vvkbs xtlvy1s x126k92a\">\n<div dir=\"auto\">A force de volont\u00e9 , il parvient \u00e0 de hauts niveaux en judo comme en karat\u00e9 (il fut \u00e9l\u00e8ve de HIREO MOCHIZUKI et des Ma\u00eetres CAZE et KANZAWA). Marcel MOTTET a cr\u00e9\u00e9 de nombreux clubs dans l\u2019Oise.<\/div>\n<\/div>\n<div class=\"x11i5rnm xat24cr x1mh8g0r x1vvkbs xtlvy1s x126k92a\">\n<div dir=\"auto\"><\/div>\n<div dir=\"auto\">Il fut nomm\u00e9 Directeur du service des sports de la ville de Compi\u00e8gne en 1991 sous la direction de Mr Philippe MARINI .<\/div>\n<\/div>\n<div class=\"x11i5rnm xat24cr x1mh8g0r x1vvkbs xtlvy1s x126k92a\">\n<div dir=\"auto\">A deux reprises il a \u00e9t\u00e9 Pr\u00e9sident de la ligue de Picardie de Karat\u00e9. Il a emmen\u00e9 ses \u00e9l\u00e8ves en comp\u00e9tition \u00e0 l\u2019\u00e9tranger en judo et en karat\u00e9 : Belgique, Allemagne, Suisse, Angleterre o\u00f9 il a fait une d\u00e9monstration des tortues Ninjas.<\/div>\n<div dir=\"auto\"><\/div>\n<\/div>\n<div class=\"x11i5rnm xat24cr x1mh8g0r x1vvkbs xtlvy1s x126k92a\">\n<div dir=\"auto\">Il a form\u00e9 au total pr\u00e8s de 350 ceintures noires et n\u2019h\u00e9sitait pas \u00e0 recevoir les comp\u00e9titions d\u00e9partementales et r\u00e9gionales dans sa salle. Pendant 10 ans, il a organis\u00e9 le tournoi international de judo qui a eu un tel succ\u00e8s que les clubs \u00e9trangers r\u00e9servaient le week-end de p\u00e2ques pour pouvoir y participer.<\/div>\n<div dir=\"auto\"><\/div>\n<\/div>\n<div class=\"x11i5rnm xat24cr x1mh8g0r x1vvkbs xtlvy1s x126k92a\">\n<div dir=\"auto\">Altruiste et perfectionniste c\u2019est un homme de grande valeur qui laissera une empreinte chez chacun et un grand vide dans les c\u0153urs sportifs.<\/div>\n<\/div>\n<div class=\"x11i5rnm xat24cr x1mh8g0r x1vvkbs xtlvy1s x126k92a\">\n<div dir=\"auto\">Son enseignement et sa pratique continueront de vivre \u00e0 travers sa m\u00e9moire. Son flambeau restera allum\u00e9 en son honneur, perp\u00e9tuant son h\u00e9ritage et ses valeurs au sein de son club ARTS MARTIAUX COMPIEGNOIS et au-del\u00e0.<\/div>\n<div dir=\"auto\"><\/div>\n<\/div>\n<div dir=\"auto\"><img loading=\"lazy\" class=\"aligncenter size-large wp-image-12380\" src=\"http:\/\/artsmartiauxcompiegnois.fr\/wp-content\/uploads\/2024\/07\/AMC-2018-1024x697.jpg\" alt=\"\" width=\"960\" height=\"653\" srcset=\"https:\/\/artsmartiauxcompiegnois.fr\/wp-content\/uploads\/2024\/07\/AMC-2018-1024x697.jpg 1024w, https:\/\/artsmartiauxcompiegnois.fr\/wp-content\/uploads\/2024\/07\/AMC-2018-300x204.jpg 300w, https:\/\/artsmartiauxcompiegnois.fr\/wp-content\/uploads\/2024\/07\/AMC-2018-768x523.jpg 768w, https:\/\/artsmartiauxcompiegnois.fr\/wp-content\/uploads\/2024\/07\/AMC-2018-178x121.jpg 178w, https:\/\/artsmartiauxcompiegnois.fr\/wp-content\/uploads\/2024\/07\/AMC-2018.jpg 1117w\" sizes=\"(max-width: 960px) 100vw, 960px\" \/><\/div>\n<div dir=\"auto\"><\/div>\n<div class=\"x11i5rnm xat24cr x1mh8g0r x1vvkbs xtlvy1s x126k92a\">\n<div dir=\"auto\"><img loading=\"lazy\" class=\"aligncenter size-full wp-image-12377\" src=\"http:\/\/artsmartiauxcompiegnois.fr\/wp-content\/uploads\/2024\/07\/GROUPE-JUDOKA_modifie-1.jpg\" alt=\"\" width=\"1016\" height=\"538\" srcset=\"https:\/\/artsmartiauxcompiegnois.fr\/wp-content\/uploads\/2024\/07\/GROUPE-JUDOKA_modifie-1.jpg 1016w, https:\/\/artsmartiauxcompiegnois.fr\/wp-content\/uploads\/2024\/07\/GROUPE-JUDOKA_modifie-1-300x159.jpg 300w, https:\/\/artsmartiauxcompiegnois.fr\/wp-content\/uploads\/2024\/07\/GROUPE-JUDOKA_modifie-1-768x407.jpg 768w, https:\/\/artsmartiauxcompiegnois.fr\/wp-content\/uploads\/2024\/07\/GROUPE-JUDOKA_modifie-1-178x94.jpg 178w\" sizes=\"(max-width: 1016px) 100vw, 1016px\" \/><\/div>\n<div dir=\"auto\"><\/div>\n<\/div>\n<div class=\"x11i5rnm xat24cr x1mh8g0r x1vvkbs xtlvy1s x126k92a\">\n<div dir=\"auto\">Repose en Paix Marcel<\/div>\n<\/div>\n","protected":false},"excerpt":{"rendered":"<p>Dernier hommage \u00e0 notre Sensei Marcel MOTTET, ce mardi matin 30 juillet 2024 \u00e0 l\u2019Eglise Saint-Paul des Sablons, Compi\u00e8gne. Marcel MOTTET 7\u00e8me dan en karat\u00e9 et 5eme dan en judo! C\u2019est en 1968 que Marcel fonde les Arts Martiaux Compi\u00e9gnois. Pour parfaire son savoir, il s\u2019entra\u00eene assid\u00fbment dans des clubs \u00e0 Paris, chaque semaine, dans [&hellip;]<\/p>\n","protected":false},"author":3,"featured_media":12378,"comment_status":"closed","ping_status":"closed","sticky":false,"template":"","format":"standard","meta":[],"categories":[7],"tags":[433],"_links":{"self":[{"href":"https:\/\/artsmartiauxcompiegnois.fr\/index.php?rest_route=\/wp\/v2\/posts\/12375"}],"collection":[{"href":"https:\/\/artsmartiauxcompiegnois.fr\/index.php?rest_route=\/wp\/v2\/posts"}],"about":[{"href":"https:\/\/artsmartiauxcompiegnois.fr\/index.php?rest_route=\/wp\/v2\/types\/post"}],"author":[{"embeddable":true,"href":"https:\/\/artsmartiauxcompiegnois.fr\/index.php?rest_route=\/wp\/v2\/users\/3"}],"replies":[{"embeddable":true,"href":"https:\/\/artsmartiauxcompiegnois.fr\/index.php?rest_route=%2Fwp%2Fv2%2Fcomments&post=12375"}],"version-history":[{"count":4,"href":"https:\/\/artsmartiauxcompiegnois.fr\/index.php?rest_route=\/wp\/v2\/posts\/12375\/revisions"}],"predecessor-version":[{"id":12382,"href":"https:\/\/artsmartiauxcompiegnois.fr\/index.php?rest_route=\/wp\/v2\/posts\/12375\/revisions\/12382"}],"wp:featuredmedia":[{"embeddable":true,"href":"https:\/\/artsmartiauxcompiegnois.fr\/index.php?rest_route=\/wp\/v2\/media\/12378"}],"wp:attachment":[{"href":"https:\/\/artsmartiauxcompiegnois.fr\/index.php?rest_route=%2Fwp%2Fv2%2Fmedia&parent=12375"}],"wp:term":[{"taxonomy":"category","embeddable":true,"href":"https:\/\/artsmartiauxcompiegnois.fr\/index.php?rest_route=%2Fwp%2Fv2%2Fcategories&post=12375"},{"taxonomy":"post_tag","embeddable":true,"href":"https:\/\/artsmartiauxcompiegnois.fr\/index.php?rest_route=%2Fwp%2Fv2%2Ftags&post=12375"}],"curies":[{"name":"wp","href":"https:\/\/api.w.org\/{rel}","templated":true}]}}