{"id":12460,"date":"2024-12-13T17:40:07","date_gmt":"2024-12-13T15:40:07","guid":{"rendered":"https:\/\/artsmartiauxcompiegnois.fr\/?p=12460"},"modified":"2024-12-27T17:47:11","modified_gmt":"2024-12-27T15:47:11","slug":"rencontre-avec-serge-serfati","status":"publish","type":"post","link":"https:\/\/artsmartiauxcompiegnois.fr\/?p=12460","title":{"rendered":"Rencontre avec Serge Serfati &#8211; Paris le 12 d\u00e9c 2024"},"content":{"rendered":"<p>Akim Bahmed, notre Pr\u00e9sident, a rencontr\u00e9 le 12 d\u00e9cembre 2024 \u00e0 Paris, <span class=\"html-span xdj266r x11i5rnm xat24cr x1mh8g0r xexx8yu x4uap5 x18d9i69 xkhd6sd x1hl2dhg x16tdsg8 x1vvkbs\"><a class=\"x1i10hfl xjbqb8w x1ejq31n xd10rxx x1sy0etr x17r0tee x972fbf xcfux6l x1qhh985 xm0m39n x9f619 x1ypdohk xt0psk2 xe8uvvx xdj266r x11i5rnm xat24cr x1mh8g0r xexx8yu x4uap5 x18d9i69 xkhd6sd x16tdsg8 x1hl2dhg xggy1nq x1a2a7pz x1sur9pj xkrqix3 xzsf02u x1s688f\" tabindex=\"0\" role=\"link\" href=\"https:\/\/www.facebook.com\/serge.serfati?__cft__[0]=AZX0eca4MvL3eesC2Re-2JLu2reljLIVRxp5aIEO4CpW9Y1PJYjgluk7n1OZbrrA2U0bKYkg-xgy7WKTqVlxMVcTzD_JFZ1-SEpsGYQYkdN8MYib05s9aUQM3G09PaswKvjYvMpXId-XPHvtuanywId6v_zLFYFQ_rXL3u5dudCYCaeLElymXjJebz1leI66abY&amp;__tn__=-]K*F\"><span class=\"xt0psk2\">Serge Serfati<\/span><\/a> <\/span>pour \u00e9changer avec lui sur des projets ambitieux qu\u2019il souhaite d\u00e9velopper, notamment dans les domaines de la formation et du d\u00e9veloppement local.<br class=\"html-br\" \/>Un homme d\u2019une grande vision et d\u2019une noblesse d\u2019humanit\u00e9 qui inspire confiance et respect. J\u2019esp\u00e8re que cette collaboration d\u00e9butera rapidement et perdurera dans le temps, au service d\u2019initiatives porteuses de sens et d\u2019impact.<img src=\"https:\/\/scontent-cdg4-3.xx.fbcdn.net\/v\/t39.30808-6\/469852677_3426603574303281_7514451221008023774_n.jpg?stp=cp6_dst-jpg_tt6&amp;_nc_cat=111&amp;ccb=1-7&amp;_nc_sid=833d8c&amp;_nc_ohc=Y9eD5md9MZAQ7kNvgFNnIF5&amp;_nc_zt=23&amp;_nc_ht=scontent-cdg4-3.xx&amp;_nc_gid=ApwM6UoKm_3hqts63KfoQBn&amp;oh=00_AYAO3DPF3t9byvPydmxxZ-GbFDRv8C_PojlF4PVX5VpAww&amp;oe=6774B785\" alt=\"Peut \u00eatre une image de 2 personnes et texte\" \/><\/p>\n","protected":false},"excerpt":{"rendered":"<p>Akim Bahmed, notre Pr\u00e9sident, a rencontr\u00e9 le 12 d\u00e9cembre 2024 \u00e0 Paris, Serge Serfati pour \u00e9changer avec lui sur des projets ambitieux qu\u2019il souhaite d\u00e9velopper, notamment dans les domaines de la formation et du d\u00e9veloppement local.Un homme d\u2019une grande vision et d\u2019une noblesse d\u2019humanit\u00e9 qui inspire confiance et respect. J\u2019esp\u00e8re que cette collaboration d\u00e9butera rapidement [&hellip;]<\/p>\n","protected":false},"author":3,"featured_media":0,"comment_status":"closed","ping_status":"closed","sticky":false,"template":"","format":"standard","meta":[],"categories":[7],"tags":[],"_links":{"self":[{"href":"https:\/\/artsmartiauxcompiegnois.fr\/index.php?rest_route=\/wp\/v2\/posts\/12460"}],"collection":[{"href":"https:\/\/artsmartiauxcompiegnois.fr\/index.php?rest_route=\/wp\/v2\/posts"}],"about":[{"href":"https:\/\/artsmartiauxcompiegnois.fr\/index.php?rest_route=\/wp\/v2\/types\/post"}],"author":[{"embeddable":true,"href":"https:\/\/artsmartiauxcompiegnois.fr\/index.php?rest_route=\/wp\/v2\/users\/3"}],"replies":[{"embeddable":true,"href":"https:\/\/artsmartiauxcompiegnois.fr\/index.php?rest_route=%2Fwp%2Fv2%2Fcomments&post=12460"}],"version-history":[{"count":2,"href":"https:\/\/artsmartiauxcompiegnois.fr\/index.php?rest_route=\/wp\/v2\/posts\/12460\/revisions"}],"predecessor-version":[{"id":12462,"href":"https:\/\/artsmartiauxcompiegnois.fr\/index.php?rest_route=\/wp\/v2\/posts\/12460\/revisions\/12462"}],"wp:attachment":[{"href":"https:\/\/artsmartiauxcompiegnois.fr\/index.php?rest_route=%2Fwp%2Fv2%2Fmedia&parent=12460"}],"wp:term":[{"taxonomy":"category","embeddable":true,"href":"https:\/\/artsmartiauxcompiegnois.fr\/index.php?rest_route=%2Fwp%2Fv2%2Fcategories&post=12460"},{"taxonomy":"post_tag","embeddable":true,"href":"https:\/\/artsmartiauxcompiegnois.fr\/index.php?rest_route=%2Fwp%2Fv2%2Ftags&post=12460"}],"curies":[{"name":"wp","href":"https:\/\/api.w.org\/{rel}","templated":true}]}}