{"id":12542,"date":"2024-12-08T19:26:54","date_gmt":"2024-12-08T17:26:54","guid":{"rendered":"https:\/\/artsmartiauxcompiegnois.fr\/?p=12542"},"modified":"2025-01-13T22:05:14","modified_gmt":"2025-01-13T20:05:14","slug":"championnat-de-loise-de-karate-breteuil-08-dec-2024","status":"publish","type":"post","link":"https:\/\/artsmartiauxcompiegnois.fr\/?p=12542","title":{"rendered":"Championnat de l\u2019Oise de Karat\u00e9 &#8211; Breteuil &#8211; 08 dec 2024"},"content":{"rendered":"<div class=\"xdj266r x11i5rnm xat24cr x1mh8g0r x1vvkbs x126k92a\">\n<div dir=\"auto\" style=\"text-align: justify;\">\nEla, notre jeune comp\u00e9titrice en cat\u00e9gorie minimes, a repr\u00e9sent\u00e9 notre club lors du championnat de l\u2019Oise en kata. Malgr\u00e9 sa d\u00e9termination et ses efforts, Ela n\u2019a pas pu d\u00e9crocher une place sur le podium.\u00a0 Nous la f\u00e9licitons et l&rsquo;encourageons pour son engagement et remercions son coach, Toufik, pour son accompagnement sans faille.<\/p>\n<p>Nous adressons un grand bravo \u00e0 Yusra, en qualit\u00e9 de jeune arbitre r\u00e9gional, qui a offici\u00e9 avec professionnalisme dans les \u00e9preuves de kata et de combat tout au long de cette belle journ\u00e9e.<\/p>\n<\/div>\n<\/div>\n<div class=\"x11i5rnm xat24cr x1mh8g0r x1vvkbs xtlvy1s x126k92a\" style=\"text-align: justify;\">\n<div dir=\"auto\"><\/div>\n<\/div>\n<div class=\"x11i5rnm xat24cr x1mh8g0r x1vvkbs xtlvy1s x126k92a\">\n<div dir=\"auto\" style=\"text-align: left;\">Nous tenons \u00e0 remercier vivement le Club de Breteuil pour son accueil chaleureux et l\u2019excellente organisation de cette comp\u00e9tition.<\/div>\n<\/div>\n<div dir=\"auto\"><\/div>\n<div class=\"x11i5rnm xat24cr x1mh8g0r x1vvkbs xtlvy1s x126k92a\">\n<div dir=\"auto\"><img loading=\"lazy\" class=\"size-full wp-image-12547 aligncenter\" src=\"http:\/\/artsmartiauxcompiegnois.fr\/wp-content\/uploads\/2024\/12\/Breteuil.jpg\" alt=\"\" width=\"508\" height=\"469\" srcset=\"https:\/\/artsmartiauxcompiegnois.fr\/wp-content\/uploads\/2024\/12\/Breteuil.jpg 508w, https:\/\/artsmartiauxcompiegnois.fr\/wp-content\/uploads\/2024\/12\/Breteuil-300x277.jpg 300w, https:\/\/artsmartiauxcompiegnois.fr\/wp-content\/uploads\/2024\/12\/Breteuil-178x164.jpg 178w\" sizes=\"(max-width: 508px) 100vw, 508px\" \/><\/div>\n<div dir=\"auto\" style=\"text-align: right;\"><\/div>\n<\/div>\n","protected":false},"excerpt":{"rendered":"<p>Ela, notre jeune comp\u00e9titrice en cat\u00e9gorie minimes, a repr\u00e9sent\u00e9 notre club lors du championnat de l\u2019Oise en kata. Malgr\u00e9 sa d\u00e9termination et ses efforts, Ela n\u2019a pas pu d\u00e9crocher une place sur le podium.\u00a0 Nous la f\u00e9licitons et l&rsquo;encourageons pour son engagement et remercions son coach, Toufik, pour son accompagnement sans faille. Nous adressons un [&hellip;]<\/p>\n","protected":false},"author":3,"featured_media":0,"comment_status":"closed","ping_status":"closed","sticky":false,"template":"","format":"standard","meta":[],"categories":[4,7],"tags":[51,437,310],"_links":{"self":[{"href":"https:\/\/artsmartiauxcompiegnois.fr\/index.php?rest_route=\/wp\/v2\/posts\/12542"}],"collection":[{"href":"https:\/\/artsmartiauxcompiegnois.fr\/index.php?rest_route=\/wp\/v2\/posts"}],"about":[{"href":"https:\/\/artsmartiauxcompiegnois.fr\/index.php?rest_route=\/wp\/v2\/types\/post"}],"author":[{"embeddable":true,"href":"https:\/\/artsmartiauxcompiegnois.fr\/index.php?rest_route=\/wp\/v2\/users\/3"}],"replies":[{"embeddable":true,"href":"https:\/\/artsmartiauxcompiegnois.fr\/index.php?rest_route=%2Fwp%2Fv2%2Fcomments&post=12542"}],"version-history":[{"count":6,"href":"https:\/\/artsmartiauxcompiegnois.fr\/index.php?rest_route=\/wp\/v2\/posts\/12542\/revisions"}],"predecessor-version":[{"id":12549,"href":"https:\/\/artsmartiauxcompiegnois.fr\/index.php?rest_route=\/wp\/v2\/posts\/12542\/revisions\/12549"}],"wp:attachment":[{"href":"https:\/\/artsmartiauxcompiegnois.fr\/index.php?rest_route=%2Fwp%2Fv2%2Fmedia&parent=12542"}],"wp:term":[{"taxonomy":"category","embeddable":true,"href":"https:\/\/artsmartiauxcompiegnois.fr\/index.php?rest_route=%2Fwp%2Fv2%2Fcategories&post=12542"},{"taxonomy":"post_tag","embeddable":true,"href":"https:\/\/artsmartiauxcompiegnois.fr\/index.php?rest_route=%2Fwp%2Fv2%2Ftags&post=12542"}],"curies":[{"name":"wp","href":"https:\/\/api.w.org\/{rel}","templated":true}]}}