{"id":12626,"date":"2024-12-01T20:45:19","date_gmt":"2024-12-01T18:45:19","guid":{"rendered":"https:\/\/artsmartiauxcompiegnois.fr\/?p=12626"},"modified":"2025-01-15T20:38:01","modified_gmt":"2025-01-15T18:38:01","slug":"stage-darbitrage-sanda-a-bailleval-01-dec-2024","status":"publish","type":"post","link":"https:\/\/artsmartiauxcompiegnois.fr\/?p=12626","title":{"rendered":"Stage d\u2019arbitrage Sanda \u00e0 Bailleval &#8211;  01 d\u00e9c 2024"},"content":{"rendered":"<div class=\"xdj266r x11i5rnm xat24cr x1mh8g0r x1vvkbs x126k92a\">\n<h3 dir=\"auto\" style=\"text-align: center;\">Le 1er d\u00e9cembre 2024, <strong>9 adh\u00e9rents du club AMC ont particip\u00e9 au stage d\u2019arbitrage Sanda<\/strong>, anim\u00e9 par St\u00e9phane Dubus, arbitre mondial reconnu par la WUF (World Union of Wushu F\u00e9d\u00e9rations).<\/h3>\n<div dir=\"auto\" style=\"text-align: right;\"><\/div>\n<div dir=\"auto\" style=\"text-align: justify;\">Cette demi-journ\u00e9e intense, organis\u00e9e par le Comit\u00e9 FFK de l\u2019Oise au P\u00f4le Ferreira Pinto \u00e0 Bailleval, a permis \u00e0 nos participants de se perfectionner dans les r\u00e8gles d\u2019arbitrage et de b\u00e9n\u00e9ficier d\u2019une formation de haut niveau.<\/div>\n<div dir=\"auto\" style=\"text-align: justify;\"><\/div>\n<\/div>\n<div class=\"x11i5rnm xat24cr x1mh8g0r x1vvkbs xtlvy1s x126k92a\" style=\"text-align: justify;\">\n<div dir=\"auto\">L\u2019ambiance studieuse et conviviale a permis \u00e0 chacun de progresser et de se pr\u00e9parer pour les prochaines \u00e9ch\u00e9ances sportives.<\/div>\n<div dir=\"auto\"><\/div>\n<div dir=\"auto\">Nous sommes fiers d\u2019annoncer que lors de l\u2019Open de l\u2019Oise, pr\u00e9vu le 12 janvier 2025 \u00e0 Beauvais, deux de nos membres, Julien et St\u00e9phane, repr\u00e9senteront le club en int\u00e9grant l\u2019\u00e9quipe d\u2019arbitrage et de contr\u00f4le des tenues. Une belle reconnaissance pour leur engagement et leur s\u00e9rieux.<\/div>\n<\/div>\n<div dir=\"auto\"><\/div>\n<div dir=\"auto\"><img loading=\"lazy\" class=\"aligncenter size-large wp-image-12628\" src=\"http:\/\/artsmartiauxcompiegnois.fr\/wp-content\/uploads\/2024\/12\/stag-arbitrag-sanda-01-1024x370.jpg\" alt=\"\" width=\"960\" height=\"347\" srcset=\"https:\/\/artsmartiauxcompiegnois.fr\/wp-content\/uploads\/2024\/12\/stag-arbitrag-sanda-01-1024x370.jpg 1024w, https:\/\/artsmartiauxcompiegnois.fr\/wp-content\/uploads\/2024\/12\/stag-arbitrag-sanda-01-300x108.jpg 300w, https:\/\/artsmartiauxcompiegnois.fr\/wp-content\/uploads\/2024\/12\/stag-arbitrag-sanda-01-768x278.jpg 768w, https:\/\/artsmartiauxcompiegnois.fr\/wp-content\/uploads\/2024\/12\/stag-arbitrag-sanda-01-178x64.jpg 178w, https:\/\/artsmartiauxcompiegnois.fr\/wp-content\/uploads\/2024\/12\/stag-arbitrag-sanda-01.jpg 1120w\" sizes=\"(max-width: 960px) 100vw, 960px\" \/><\/div>\n<div class=\"x11i5rnm xat24cr x1mh8g0r x1vvkbs xtlvy1s x126k92a\" style=\"text-align: justify;\">\n<div dir=\"auto\"><\/div>\n<div dir=\"auto\">Bravo \u00e0 tous les participants et f\u00e9licitations particuli\u00e8res \u00e0 Julien et St\u00e9phane pour cette opportunit\u00e9.<\/div>\n<\/div>\n<div class=\"x11i5rnm xat24cr x1mh8g0r x1vvkbs xtlvy1s x126k92a\">\n<div dir=\"auto\"><img loading=\"lazy\" class=\" wp-image-12629 alignleft\" src=\"http:\/\/artsmartiauxcompiegnois.fr\/wp-content\/uploads\/2024\/12\/stag-arbitrag-sanda-02.jpg\" alt=\"\" width=\"236\" height=\"272\" srcset=\"https:\/\/artsmartiauxcompiegnois.fr\/wp-content\/uploads\/2024\/12\/stag-arbitrag-sanda-02.jpg 319w, https:\/\/artsmartiauxcompiegnois.fr\/wp-content\/uploads\/2024\/12\/stag-arbitrag-sanda-02-261x300.jpg 261w, https:\/\/artsmartiauxcompiegnois.fr\/wp-content\/uploads\/2024\/12\/stag-arbitrag-sanda-02-155x178.jpg 155w\" sizes=\"(max-width: 236px) 100vw, 236px\" \/><\/div>\n<div dir=\"auto\"><\/div>\n<div dir=\"auto\" style=\"text-align: justify;\">Un grand merci au Comit\u00e9 FFK Oise pour l\u2019organisation de ce stage formateur.<\/div>\n<div dir=\"auto\" style=\"text-align: justify;\">Nous avons h\u00e2te de voir nos talents \u00e0 l\u2019\u0153uvre lors de la prochaine comp\u00e9tition.<\/div>\n<div dir=\"auto\" style=\"text-align: justify;\">Merci aux coachs pour le d\u00e9veloppement de cette section et le suivi de nos athl\u00e8tes.<\/div>\n<div dir=\"auto\"><\/div>\n<\/div>\n<div dir=\"auto\"><img loading=\"lazy\" class=\"aligncenter wp-image-12630\" src=\"http:\/\/artsmartiauxcompiegnois.fr\/wp-content\/uploads\/2024\/12\/stag-arbitrag-sanda-03.jpg\" alt=\"\" width=\"528\" height=\"331\" srcset=\"https:\/\/artsmartiauxcompiegnois.fr\/wp-content\/uploads\/2024\/12\/stag-arbitrag-sanda-03.jpg 838w, https:\/\/artsmartiauxcompiegnois.fr\/wp-content\/uploads\/2024\/12\/stag-arbitrag-sanda-03-300x188.jpg 300w, https:\/\/artsmartiauxcompiegnois.fr\/wp-content\/uploads\/2024\/12\/stag-arbitrag-sanda-03-768x481.jpg 768w, https:\/\/artsmartiauxcompiegnois.fr\/wp-content\/uploads\/2024\/12\/stag-arbitrag-sanda-03-178x112.jpg 178w\" sizes=\"(max-width: 528px) 100vw, 528px\" \/><\/div>\n<div dir=\"auto\"><\/div>\n<div dir=\"auto\"><em><strong>Pratiquer une discipline avec assiduit\u00e9, participer aux comp\u00e9titions, ne leur suffit pas ! Connaitre et comprendre les r\u00e8gles d&rsquo;arbitrage est un plus qui leur permettra de progresser et leur procurera un avantage certain.<\/strong><\/em><\/div>\n","protected":false},"excerpt":{"rendered":"<p>Le 1er d\u00e9cembre 2024, 9 adh\u00e9rents du club AMC ont particip\u00e9 au stage d\u2019arbitrage Sanda, anim\u00e9 par St\u00e9phane Dubus, arbitre mondial reconnu par la WUF (World Union of Wushu F\u00e9d\u00e9rations). Cette demi-journ\u00e9e intense, organis\u00e9e par le Comit\u00e9 FFK de l\u2019Oise au P\u00f4le Ferreira Pinto \u00e0 Bailleval, a permis \u00e0 nos participants de se perfectionner dans [&hellip;]<\/p>\n","protected":false},"author":3,"featured_media":0,"comment_status":"closed","ping_status":"closed","sticky":false,"template":"","format":"standard","meta":[],"categories":[7],"tags":[51,430,229],"_links":{"self":[{"href":"https:\/\/artsmartiauxcompiegnois.fr\/index.php?rest_route=\/wp\/v2\/posts\/12626"}],"collection":[{"href":"https:\/\/artsmartiauxcompiegnois.fr\/index.php?rest_route=\/wp\/v2\/posts"}],"about":[{"href":"https:\/\/artsmartiauxcompiegnois.fr\/index.php?rest_route=\/wp\/v2\/types\/post"}],"author":[{"embeddable":true,"href":"https:\/\/artsmartiauxcompiegnois.fr\/index.php?rest_route=\/wp\/v2\/users\/3"}],"replies":[{"embeddable":true,"href":"https:\/\/artsmartiauxcompiegnois.fr\/index.php?rest_route=%2Fwp%2Fv2%2Fcomments&post=12626"}],"version-history":[{"count":5,"href":"https:\/\/artsmartiauxcompiegnois.fr\/index.php?rest_route=\/wp\/v2\/posts\/12626\/revisions"}],"predecessor-version":[{"id":12634,"href":"https:\/\/artsmartiauxcompiegnois.fr\/index.php?rest_route=\/wp\/v2\/posts\/12626\/revisions\/12634"}],"wp:attachment":[{"href":"https:\/\/artsmartiauxcompiegnois.fr\/index.php?rest_route=%2Fwp%2Fv2%2Fmedia&parent=12626"}],"wp:term":[{"taxonomy":"category","embeddable":true,"href":"https:\/\/artsmartiauxcompiegnois.fr\/index.php?rest_route=%2Fwp%2Fv2%2Fcategories&post=12626"},{"taxonomy":"post_tag","embeddable":true,"href":"https:\/\/artsmartiauxcompiegnois.fr\/index.php?rest_route=%2Fwp%2Fv2%2Ftags&post=12626"}],"curies":[{"name":"wp","href":"https:\/\/api.w.org\/{rel}","templated":true}]}}