{"id":12643,"date":"2025-02-07T12:57:44","date_gmt":"2025-02-07T10:57:44","guid":{"rendered":"https:\/\/artsmartiauxcompiegnois.fr\/?p=12643"},"modified":"2025-02-07T13:19:00","modified_gmt":"2025-02-07T11:19:00","slug":"vacances-scolaires-de-fevrier-2025","status":"publish","type":"post","link":"https:\/\/artsmartiauxcompiegnois.fr\/?p=12643","title":{"rendered":"Vacances scolaires de f\u00e9vrier 2025"},"content":{"rendered":"<h3 class=\"x11i5rnm xat24cr x1mh8g0r x1vvkbs xtlvy1s\" style=\"text-align: center;\">Durant la premi\u00e8re semaine des vacances scolaires,<\/h3>\n<h3 class=\"x11i5rnm xat24cr x1mh8g0r x1vvkbs xtlvy1s\" style=\"text-align: center;\">le Club des Arts Martiaux Compi\u00e9gnois\u00a0maintient vos cours aux jours et horaires habituels<\/h3>\n<p>&nbsp;<\/p>\n<p><img loading=\"lazy\" class=\"aligncenter size-large wp-image-12645\" src=\"http:\/\/artsmartiauxcompiegnois.fr\/wp-content\/uploads\/2025\/02\/vacances-fevrier-1024x470.jpg\" alt=\"\" width=\"960\" height=\"441\" \/><\/p>\n<p>&nbsp;<\/p>\n<h4 class=\"x11i5rnm xat24cr x1mh8g0r x1vvkbs xtlvy1s\" style=\"text-align: center;\">Pour toute information compl\u00e9mentaire, n\u2019h\u00e9sitez pas \u00e0 vous rapprocher de la permanence du secr\u00e9tariat ou de votre encadrant.<\/h4>\n","protected":false},"excerpt":{"rendered":"<p>Durant la premi\u00e8re semaine des vacances scolaires, le Club des Arts Martiaux Compi\u00e9gnois\u00a0maintient vos cours aux jours et horaires habituels &nbsp; &nbsp; Pour toute information compl\u00e9mentaire, n\u2019h\u00e9sitez pas \u00e0 vous rapprocher de la permanence du secr\u00e9tariat ou de votre encadrant.<\/p>\n","protected":false},"author":3,"featured_media":12648,"comment_status":"closed","ping_status":"closed","sticky":false,"template":"","format":"standard","meta":[],"categories":[7],"tags":[],"_links":{"self":[{"href":"https:\/\/artsmartiauxcompiegnois.fr\/index.php?rest_route=\/wp\/v2\/posts\/12643"}],"collection":[{"href":"https:\/\/artsmartiauxcompiegnois.fr\/index.php?rest_route=\/wp\/v2\/posts"}],"about":[{"href":"https:\/\/artsmartiauxcompiegnois.fr\/index.php?rest_route=\/wp\/v2\/types\/post"}],"author":[{"embeddable":true,"href":"https:\/\/artsmartiauxcompiegnois.fr\/index.php?rest_route=\/wp\/v2\/users\/3"}],"replies":[{"embeddable":true,"href":"https:\/\/artsmartiauxcompiegnois.fr\/index.php?rest_route=%2Fwp%2Fv2%2Fcomments&post=12643"}],"version-history":[{"count":3,"href":"https:\/\/artsmartiauxcompiegnois.fr\/index.php?rest_route=\/wp\/v2\/posts\/12643\/revisions"}],"predecessor-version":[{"id":12647,"href":"https:\/\/artsmartiauxcompiegnois.fr\/index.php?rest_route=\/wp\/v2\/posts\/12643\/revisions\/12647"}],"wp:featuredmedia":[{"embeddable":true,"href":"https:\/\/artsmartiauxcompiegnois.fr\/index.php?rest_route=\/wp\/v2\/media\/12648"}],"wp:attachment":[{"href":"https:\/\/artsmartiauxcompiegnois.fr\/index.php?rest_route=%2Fwp%2Fv2%2Fmedia&parent=12643"}],"wp:term":[{"taxonomy":"category","embeddable":true,"href":"https:\/\/artsmartiauxcompiegnois.fr\/index.php?rest_route=%2Fwp%2Fv2%2Fcategories&post=12643"},{"taxonomy":"post_tag","embeddable":true,"href":"https:\/\/artsmartiauxcompiegnois.fr\/index.php?rest_route=%2Fwp%2Fv2%2Ftags&post=12643"}],"curies":[{"name":"wp","href":"https:\/\/api.w.org\/{rel}","templated":true}]}}