{"id":12649,"date":"2025-02-07T13:23:51","date_gmt":"2025-02-07T11:23:51","guid":{"rendered":"https:\/\/artsmartiauxcompiegnois.fr\/?p=12649"},"modified":"2025-02-07T13:47:35","modified_gmt":"2025-02-07T11:47:35","slug":"stage-avec-des-experts-federaux-08-fev-2025","status":"publish","type":"post","link":"https:\/\/artsmartiauxcompiegnois.fr\/?p=12649","title":{"rendered":"Stage avec des experts f\u00e9d\u00e9raux &#8211; 08 fev 2025"},"content":{"rendered":"<p style=\"text-align: center;\">Un stage de qualit\u00e9 avec des experts f\u00e9d\u00e9raux, \u00e0 ne pas manquer.<\/p>\n<p style=\"text-align: center;\">Nous vous y attendons nombreux !<\/p>\n<p style=\"text-align: center;\">Ce stage comportant du self d\u00e9fense peut int\u00e9resser non seulement les karat\u00e9kas, mais aussi le judo, le ta\u00ef-jitsu, le krav-maga, le pieds-poing, la lutte &#8230;<\/p>\n<p>&nbsp;<\/p>\n<p>&nbsp;<\/p>\n<p>&nbsp;<\/p>\n<p><img loading=\"lazy\" class=\"aligncenter size-large wp-image-12650\" src=\"http:\/\/artsmartiauxcompiegnois.fr\/wp-content\/uploads\/2025\/02\/stage-serfati-741x1024.jpg\" alt=\"\" width=\"741\" height=\"1024\" srcset=\"https:\/\/artsmartiauxcompiegnois.fr\/wp-content\/uploads\/2025\/02\/stage-serfati-741x1024.jpg 741w, https:\/\/artsmartiauxcompiegnois.fr\/wp-content\/uploads\/2025\/02\/stage-serfati-217x300.jpg 217w, https:\/\/artsmartiauxcompiegnois.fr\/wp-content\/uploads\/2025\/02\/stage-serfati-768x1061.jpg 768w, https:\/\/artsmartiauxcompiegnois.fr\/wp-content\/uploads\/2025\/02\/stage-serfati-1112x1536.jpg 1112w, https:\/\/artsmartiauxcompiegnois.fr\/wp-content\/uploads\/2025\/02\/stage-serfati-129x178.jpg 129w, https:\/\/artsmartiauxcompiegnois.fr\/wp-content\/uploads\/2025\/02\/stage-serfati.jpg 1270w\" sizes=\"(max-width: 741px) 100vw, 741px\" \/><\/p>\n","protected":false},"excerpt":{"rendered":"<p>Un stage de qualit\u00e9 avec des experts f\u00e9d\u00e9raux, \u00e0 ne pas manquer. Nous vous y attendons nombreux ! Ce stage comportant du self d\u00e9fense peut int\u00e9resser non seulement les karat\u00e9kas, mais aussi le judo, le ta\u00ef-jitsu, le krav-maga, le pieds-poing, la lutte &#8230; &nbsp; &nbsp; &nbsp;<\/p>\n","protected":false},"author":3,"featured_media":0,"comment_status":"closed","ping_status":"closed","sticky":false,"template":"","format":"standard","meta":[],"categories":[7],"tags":[],"_links":{"self":[{"href":"https:\/\/artsmartiauxcompiegnois.fr\/index.php?rest_route=\/wp\/v2\/posts\/12649"}],"collection":[{"href":"https:\/\/artsmartiauxcompiegnois.fr\/index.php?rest_route=\/wp\/v2\/posts"}],"about":[{"href":"https:\/\/artsmartiauxcompiegnois.fr\/index.php?rest_route=\/wp\/v2\/types\/post"}],"author":[{"embeddable":true,"href":"https:\/\/artsmartiauxcompiegnois.fr\/index.php?rest_route=\/wp\/v2\/users\/3"}],"replies":[{"embeddable":true,"href":"https:\/\/artsmartiauxcompiegnois.fr\/index.php?rest_route=%2Fwp%2Fv2%2Fcomments&post=12649"}],"version-history":[{"count":4,"href":"https:\/\/artsmartiauxcompiegnois.fr\/index.php?rest_route=\/wp\/v2\/posts\/12649\/revisions"}],"predecessor-version":[{"id":12658,"href":"https:\/\/artsmartiauxcompiegnois.fr\/index.php?rest_route=\/wp\/v2\/posts\/12649\/revisions\/12658"}],"wp:attachment":[{"href":"https:\/\/artsmartiauxcompiegnois.fr\/index.php?rest_route=%2Fwp%2Fv2%2Fmedia&parent=12649"}],"wp:term":[{"taxonomy":"category","embeddable":true,"href":"https:\/\/artsmartiauxcompiegnois.fr\/index.php?rest_route=%2Fwp%2Fv2%2Fcategories&post=12649"},{"taxonomy":"post_tag","embeddable":true,"href":"https:\/\/artsmartiauxcompiegnois.fr\/index.php?rest_route=%2Fwp%2Fv2%2Ftags&post=12649"}],"curies":[{"name":"wp","href":"https:\/\/api.w.org\/{rel}","templated":true}]}}