{"id":12681,"date":"2025-01-25T23:16:36","date_gmt":"2025-01-25T21:16:36","guid":{"rendered":"https:\/\/artsmartiauxcompiegnois.fr\/?p=12681"},"modified":"2025-02-07T15:32:27","modified_gmt":"2025-02-07T13:32:27","slug":"championnat-regional-hdf-de-lutte-jeunes-25-jan-2025","status":"publish","type":"post","link":"https:\/\/artsmartiauxcompiegnois.fr\/?p=12681","title":{"rendered":"Championnat R\u00e9gional HDF de Lutte jeunes &#8211; 25 jan 2025"},"content":{"rendered":"<div class=\"xdj266r x11i5rnm xat24cr x1mh8g0r x1vvkbs x126k92a\">\n<h3 dir=\"auto\" style=\"text-align: center;\">Retour sur le championnat r\u00e9gional des Hauts De France de lutte jeune \u00e0 Roubaix\u00a0 qui s&rsquo;est d\u00e9roul\u00e9 le samedi 25 janvier 2025.<\/h3>\n<div dir=\"auto\"><\/div>\n<\/div>\n<div class=\"x11i5rnm xat24cr x1mh8g0r x1vvkbs xtlvy1s x126k92a\">\n<div dir=\"auto\">Parmi 250 lutteurs inscrits, nos 4 jeunes comp\u00e9titeurs ont brillamment repr\u00e9sent\u00e9 notre club :<\/div>\n<ul>\n<li style=\"text-align: justify;\">Lutvija termine au pied du podium, apr\u00e8s avoir disput\u00e9 une petite finale acharn\u00e9e pour la m\u00e9daille de bronze<\/li>\n<li style=\"text-align: justify;\"><span class=\"html-span xexx8yu x4uap5 x18d9i69 xkhd6sd x1hl2dhg x16tdsg8 x1vvkbs x3nfvp2 x1j61x8r x1fcty0u xdj266r xat24cr xgzva0m xhhsvwb xxymvpz xlup9mm x1kky2od text align=justify\">Akram, face au champion de sa cat\u00e9gorie, livre un combat intense et r\u00e9alise ensuite une belle prestation, m\u00eame si cela ne suffira pas pour atteindre le podium.<\/span><\/li>\n<li style=\"text-align: justify;\">Chems devient vice-champion r\u00e9gional U15, apr\u00e8s un beau parcours, f\u00e9licitations pour cette m\u00e9daille d\u2019argent<\/li>\n<li style=\"text-align: justify;\">Marc d\u00e9croche \u00e9galement le titre de vice-champion r\u00e9gional U20, et se qualifie directement pour les championnats de France jeunes.<\/li>\n<\/ul>\n<\/div>\n<div class=\"x11i5rnm xat24cr x1mh8g0r x1vvkbs xtlvy1s x126k92a\">\n<div dir=\"auto\" style=\"text-align: justify;\">Une exp\u00e9rience enrichissante pour nos jeunes, notamment pour 3 d\u2019entre eux qui participaient \u00e0 leur toute premi\u00e8re comp\u00e9tition. F\u00e9licitations \u00e0 tous pour leur courage et leur engagement sur les tapis !<\/div>\n<div dir=\"auto\"><\/div>\n<\/div>\n<div class=\"x11i5rnm xat24cr x1mh8g0r x1vvkbs xtlvy1s x126k92a\" style=\"text-align: justify;\">\n<div dir=\"auto\" style=\"text-align: right;\"><span style=\"color: #f50c0c;\"><em><strong>Un grand merci \u00e0 nos coachs Adam et Maxime pour leur travail et leur soutien ind\u00e9fectible.<\/strong><\/em><\/span><\/div>\n<\/div>\n<div class=\"x11i5rnm xat24cr x1mh8g0r x1vvkbs xtlvy1s x126k92a\">\n<div dir=\"auto\"><\/div>\n<div dir=\"auto\" style=\"text-align: center;\"><img loading=\"lazy\" class=\"aligncenter size-full wp-image-12683\" src=\"http:\/\/artsmartiauxcompiegnois.fr\/wp-content\/uploads\/2025\/01\/HDF-lutte-25janvuer2025.jpg\" alt=\"\" width=\"610\" height=\"424\" srcset=\"https:\/\/artsmartiauxcompiegnois.fr\/wp-content\/uploads\/2025\/01\/HDF-lutte-25janvuer2025.jpg 610w, https:\/\/artsmartiauxcompiegnois.fr\/wp-content\/uploads\/2025\/01\/HDF-lutte-25janvuer2025-300x209.jpg 300w, https:\/\/artsmartiauxcompiegnois.fr\/wp-content\/uploads\/2025\/01\/HDF-lutte-25janvuer2025-178x124.jpg 178w\" sizes=\"(max-width: 610px) 100vw, 610px\" \/><\/div>\n<div dir=\"auto\"><\/div>\n<div dir=\"auto\" style=\"text-align: justify;\">En route pour de nouveaux d\u00e9fis ! \u00a0<span class=\"html-span xdj266r x11i5rnm xat24cr x1mh8g0r xexx8yu x4uap5 x18d9i69 xkhd6sd x1hl2dhg x16tdsg8 x1vvkbs\"><a class=\"x1i10hfl xjbqb8w x1ejq31n xd10rxx x1sy0etr x17r0tee x972fbf xcfux6l x1qhh985 xm0m39n x9f619 x1ypdohk xt0psk2 xe8uvvx xdj266r x11i5rnm xat24cr x1mh8g0r xexx8yu x4uap5 x18d9i69 xkhd6sd x16tdsg8 x1hl2dhg xggy1nq x1a2a7pz x1sur9pj xkrqix3 x1fey0fg x1s688f\" tabindex=\"0\" role=\"link\" href=\"https:\/\/www.facebook.com\/hashtag\/lutte?__eep__=6&amp;__cft__[0]=AZUSHit_c6HY_gLZdbuxdC9MxbX0NjhpnD2nnd_TiJEEzEFaeCYHg0qBzMbDpMboE53Xrafb8whQvZjJIz_qbftpb6ef_gEooR3AJZtzjvGYoZGQGTzycuCEadkFjCDIWPiRIew3MsxMJH4AC1C5u-prdz-HV7MjwAx38gwg1YS0cNLIP-bBt6SJqrxE62R1NDE&amp;__tn__=*NK-R\">#Lutte<\/a><\/span> <span class=\"html-span xdj266r x11i5rnm xat24cr x1mh8g0r xexx8yu x4uap5 x18d9i69 xkhd6sd x1hl2dhg x16tdsg8 x1vvkbs\"><a class=\"x1i10hfl xjbqb8w x1ejq31n xd10rxx x1sy0etr x17r0tee x972fbf xcfux6l x1qhh985 xm0m39n x9f619 x1ypdohk xt0psk2 xe8uvvx xdj266r x11i5rnm xat24cr x1mh8g0r xexx8yu x4uap5 x18d9i69 xkhd6sd x16tdsg8 x1hl2dhg xggy1nq x1a2a7pz x1sur9pj xkrqix3 x1fey0fg x1s688f\" tabindex=\"0\" role=\"link\" href=\"https:\/\/www.facebook.com\/hashtag\/espritd%C3%A9quipe?__eep__=6&amp;__cft__[0]=AZUSHit_c6HY_gLZdbuxdC9MxbX0NjhpnD2nnd_TiJEEzEFaeCYHg0qBzMbDpMboE53Xrafb8whQvZjJIz_qbftpb6ef_gEooR3AJZtzjvGYoZGQGTzycuCEadkFjCDIWPiRIew3MsxMJH4AC1C5u-prdz-HV7MjwAx38gwg1YS0cNLIP-bBt6SJqrxE62R1NDE&amp;__tn__=*NK-R\">#EspritD\u00c9quipe<\/a><\/span> <span class=\"html-span xdj266r x11i5rnm xat24cr x1mh8g0r xexx8yu x4uap5 x18d9i69 xkhd6sd x1hl2dhg x16tdsg8 x1vvkbs\"><a class=\"x1i10hfl xjbqb8w x1ejq31n xd10rxx x1sy0etr x17r0tee x972fbf xcfux6l x1qhh985 xm0m39n x9f619 x1ypdohk xt0psk2 xe8uvvx xdj266r x11i5rnm xat24cr x1mh8g0r xexx8yu x4uap5 x18d9i69 xkhd6sd x16tdsg8 x1hl2dhg xggy1nq x1a2a7pz x1sur9pj xkrqix3 x1fey0fg x1s688f\" tabindex=\"0\" role=\"link\" href=\"https:\/\/www.facebook.com\/hashtag\/passion?__eep__=6&amp;__cft__[0]=AZUSHit_c6HY_gLZdbuxdC9MxbX0NjhpnD2nnd_TiJEEzEFaeCYHg0qBzMbDpMboE53Xrafb8whQvZjJIz_qbftpb6ef_gEooR3AJZtzjvGYoZGQGTzycuCEadkFjCDIWPiRIew3MsxMJH4AC1C5u-prdz-HV7MjwAx38gwg1YS0cNLIP-bBt6SJqrxE62R1NDE&amp;__tn__=*NK-R\">#Passion<\/a><\/span><\/div>\n<\/div>\n","protected":false},"excerpt":{"rendered":"<p>Retour sur le championnat r\u00e9gional des Hauts De France de lutte jeune \u00e0 Roubaix\u00a0 qui s&rsquo;est d\u00e9roul\u00e9 le samedi 25 janvier 2025. Parmi 250 lutteurs inscrits, nos 4 jeunes comp\u00e9titeurs ont brillamment repr\u00e9sent\u00e9 notre club : Lutvija termine au pied du podium, apr\u00e8s avoir disput\u00e9 une petite finale acharn\u00e9e pour la m\u00e9daille de bronze Akram, [&hellip;]<\/p>\n","protected":false},"author":3,"featured_media":12684,"comment_status":"closed","ping_status":"closed","sticky":false,"template":"","format":"standard","meta":[],"categories":[7],"tags":[437,438,315],"_links":{"self":[{"href":"https:\/\/artsmartiauxcompiegnois.fr\/index.php?rest_route=\/wp\/v2\/posts\/12681"}],"collection":[{"href":"https:\/\/artsmartiauxcompiegnois.fr\/index.php?rest_route=\/wp\/v2\/posts"}],"about":[{"href":"https:\/\/artsmartiauxcompiegnois.fr\/index.php?rest_route=\/wp\/v2\/types\/post"}],"author":[{"embeddable":true,"href":"https:\/\/artsmartiauxcompiegnois.fr\/index.php?rest_route=\/wp\/v2\/users\/3"}],"replies":[{"embeddable":true,"href":"https:\/\/artsmartiauxcompiegnois.fr\/index.php?rest_route=%2Fwp%2Fv2%2Fcomments&post=12681"}],"version-history":[{"count":5,"href":"https:\/\/artsmartiauxcompiegnois.fr\/index.php?rest_route=\/wp\/v2\/posts\/12681\/revisions"}],"predecessor-version":[{"id":12688,"href":"https:\/\/artsmartiauxcompiegnois.fr\/index.php?rest_route=\/wp\/v2\/posts\/12681\/revisions\/12688"}],"wp:featuredmedia":[{"embeddable":true,"href":"https:\/\/artsmartiauxcompiegnois.fr\/index.php?rest_route=\/wp\/v2\/media\/12684"}],"wp:attachment":[{"href":"https:\/\/artsmartiauxcompiegnois.fr\/index.php?rest_route=%2Fwp%2Fv2%2Fmedia&parent=12681"}],"wp:term":[{"taxonomy":"category","embeddable":true,"href":"https:\/\/artsmartiauxcompiegnois.fr\/index.php?rest_route=%2Fwp%2Fv2%2Fcategories&post=12681"},{"taxonomy":"post_tag","embeddable":true,"href":"https:\/\/artsmartiauxcompiegnois.fr\/index.php?rest_route=%2Fwp%2Fv2%2Ftags&post=12681"}],"curies":[{"name":"wp","href":"https:\/\/api.w.org\/{rel}","templated":true}]}}