{"id":12699,"date":"2025-03-01T19:40:56","date_gmt":"2025-03-01T17:40:56","guid":{"rendered":"https:\/\/artsmartiauxcompiegnois.fr\/?p=12699"},"modified":"2025-03-11T17:45:25","modified_gmt":"2025-03-11T15:45:25","slug":"forum-des-sports-au-centre-commercial-eleclerc-de-la-croix-saint-ouen-01-mars-2025","status":"publish","type":"post","link":"https:\/\/artsmartiauxcompiegnois.fr\/?p=12699","title":{"rendered":"Forum des Sports au Centre Commercial ELeclerc de La Croix Saint Ouen &#8211; 01 mars 2025"},"content":{"rendered":"<div class=\"xdj266r x11i5rnm xat24cr x1mh8g0r x1vvkbs x126k92a\">\n<div dir=\"auto\">Le Club des Arts Martiaux Compi\u00e9gnois a particip\u00e9 au Forum des Sports s\u2019est tenu au centre commercial E.Leclerc \u00e0 La Croix Saint-Ouen, organis\u00e9 par l\u2019Osarc<\/div>\n<div dir=\"auto\">\n<div class=\"xdj266r x11i5rnm xat24cr x1mh8g0r x1vvkbs x126k92a\">\n<div dir=\"auto\"><\/div>\n<div dir=\"auto\" style=\"text-align: justify;\">L&rsquo;Osarc a remis les r\u00e9compenses aux trois laur\u00e9ats du Club du mois D\u00e9cathlon.<\/div>\n<div dir=\"auto\"><\/div>\n<div dir=\"auto\" style=\"text-align: justify;\"><\/div>\n<\/div>\n<div class=\"x11i5rnm xat24cr x1mh8g0r x1vvkbs xtlvy1s x126k92a\">\n<div dir=\"auto\" style=\"text-align: justify;\">Nous tenons \u00e0 remercier chaleureusement l\u2019ensemble des encadrants, b\u00e9n\u00e9voles, adh\u00e9rents, parents, amis et proches. Gr\u00e2ce \u00e0 votre engagement et au respect des valeurs qui nous sont ch\u00e8res, notre club a fi\u00e8rement d\u00e9croch\u00e9 la 2\u00e8me place du Club du Mois.<\/div>\n<\/div>\n<\/div>\n<div dir=\"auto\"><\/div>\n<div dir=\"auto\" style=\"text-align: Justihy;\"><img loading=\"lazy\" class=\"aligncenter size-large wp-image-12701\" src=\"http:\/\/artsmartiauxcompiegnois.fr\/wp-content\/uploads\/2025\/03\/01mars2023-1-1024x1024.jpg\" alt=\"\" width=\"960\" height=\"960\" srcset=\"https:\/\/artsmartiauxcompiegnois.fr\/wp-content\/uploads\/2025\/03\/01mars2023-1-1024x1024.jpg 1024w, https:\/\/artsmartiauxcompiegnois.fr\/wp-content\/uploads\/2025\/03\/01mars2023-1-300x300.jpg 300w, https:\/\/artsmartiauxcompiegnois.fr\/wp-content\/uploads\/2025\/03\/01mars2023-1-150x150.jpg 150w, https:\/\/artsmartiauxcompiegnois.fr\/wp-content\/uploads\/2025\/03\/01mars2023-1-768x768.jpg 768w, https:\/\/artsmartiauxcompiegnois.fr\/wp-content\/uploads\/2025\/03\/01mars2023-1-178x178.jpg 178w, https:\/\/artsmartiauxcompiegnois.fr\/wp-content\/uploads\/2025\/03\/01mars2023-1.jpg 1500w\" sizes=\"(max-width: 960px) 100vw, 960px\" \/> <img loading=\"lazy\" class=\"aligncenter size-large wp-image-12702\" src=\"http:\/\/artsmartiauxcompiegnois.fr\/wp-content\/uploads\/2025\/03\/01mars2023-2-1024x768.jpg\" alt=\"\" width=\"960\" height=\"720\" srcset=\"https:\/\/artsmartiauxcompiegnois.fr\/wp-content\/uploads\/2025\/03\/01mars2023-2-1024x768.jpg 1024w, https:\/\/artsmartiauxcompiegnois.fr\/wp-content\/uploads\/2025\/03\/01mars2023-2-300x225.jpg 300w, https:\/\/artsmartiauxcompiegnois.fr\/wp-content\/uploads\/2025\/03\/01mars2023-2-768x576.jpg 768w, https:\/\/artsmartiauxcompiegnois.fr\/wp-content\/uploads\/2025\/03\/01mars2023-2-178x134.jpg 178w, https:\/\/artsmartiauxcompiegnois.fr\/wp-content\/uploads\/2025\/03\/01mars2023-2.jpg 1500w\" sizes=\"(max-width: 960px) 100vw, 960px\" \/> <img loading=\"lazy\" class=\"aligncenter size-large wp-image-12703\" src=\"http:\/\/artsmartiauxcompiegnois.fr\/wp-content\/uploads\/2025\/03\/01mars2023-3-683x1024.jpg\" alt=\"\" width=\"683\" height=\"1024\" srcset=\"https:\/\/artsmartiauxcompiegnois.fr\/wp-content\/uploads\/2025\/03\/01mars2023-3-683x1024.jpg 683w, https:\/\/artsmartiauxcompiegnois.fr\/wp-content\/uploads\/2025\/03\/01mars2023-3-200x300.jpg 200w, https:\/\/artsmartiauxcompiegnois.fr\/wp-content\/uploads\/2025\/03\/01mars2023-3-768x1152.jpg 768w, https:\/\/artsmartiauxcompiegnois.fr\/wp-content\/uploads\/2025\/03\/01mars2023-3-1024x1536.jpg 1024w, https:\/\/artsmartiauxcompiegnois.fr\/wp-content\/uploads\/2025\/03\/01mars2023-3-119x178.jpg 119w, https:\/\/artsmartiauxcompiegnois.fr\/wp-content\/uploads\/2025\/03\/01mars2023-3.jpg 1365w\" sizes=\"(max-width: 683px) 100vw, 683px\" \/><\/div>\n<\/div>\n","protected":false},"excerpt":{"rendered":"<p>Le Club des Arts Martiaux Compi\u00e9gnois a particip\u00e9 au Forum des Sports s\u2019est tenu au centre commercial E.Leclerc \u00e0 La Croix Saint-Ouen, organis\u00e9 par l\u2019Osarc L&rsquo;Osarc a remis les r\u00e9compenses aux trois laur\u00e9ats du Club du mois D\u00e9cathlon. Nous tenons \u00e0 remercier chaleureusement l\u2019ensemble des encadrants, b\u00e9n\u00e9voles, adh\u00e9rents, parents, amis et proches. Gr\u00e2ce \u00e0 votre [&hellip;]<\/p>\n","protected":false},"author":3,"featured_media":0,"comment_status":"closed","ping_status":"closed","sticky":false,"template":"","format":"standard","meta":[],"categories":[7],"tags":[116,439],"_links":{"self":[{"href":"https:\/\/artsmartiauxcompiegnois.fr\/index.php?rest_route=\/wp\/v2\/posts\/12699"}],"collection":[{"href":"https:\/\/artsmartiauxcompiegnois.fr\/index.php?rest_route=\/wp\/v2\/posts"}],"about":[{"href":"https:\/\/artsmartiauxcompiegnois.fr\/index.php?rest_route=\/wp\/v2\/types\/post"}],"author":[{"embeddable":true,"href":"https:\/\/artsmartiauxcompiegnois.fr\/index.php?rest_route=\/wp\/v2\/users\/3"}],"replies":[{"embeddable":true,"href":"https:\/\/artsmartiauxcompiegnois.fr\/index.php?rest_route=%2Fwp%2Fv2%2Fcomments&post=12699"}],"version-history":[{"count":4,"href":"https:\/\/artsmartiauxcompiegnois.fr\/index.php?rest_route=\/wp\/v2\/posts\/12699\/revisions"}],"predecessor-version":[{"id":12708,"href":"https:\/\/artsmartiauxcompiegnois.fr\/index.php?rest_route=\/wp\/v2\/posts\/12699\/revisions\/12708"}],"wp:attachment":[{"href":"https:\/\/artsmartiauxcompiegnois.fr\/index.php?rest_route=%2Fwp%2Fv2%2Fmedia&parent=12699"}],"wp:term":[{"taxonomy":"category","embeddable":true,"href":"https:\/\/artsmartiauxcompiegnois.fr\/index.php?rest_route=%2Fwp%2Fv2%2Fcategories&post=12699"},{"taxonomy":"post_tag","embeddable":true,"href":"https:\/\/artsmartiauxcompiegnois.fr\/index.php?rest_route=%2Fwp%2Fv2%2Ftags&post=12699"}],"curies":[{"name":"wp","href":"https:\/\/api.w.org\/{rel}","templated":true}]}}