{"id":12723,"date":"2025-03-11T18:18:52","date_gmt":"2025-03-11T16:18:52","guid":{"rendered":"https:\/\/artsmartiauxcompiegnois.fr\/?p=12723"},"modified":"2025-03-11T18:18:52","modified_gmt":"2025-03-11T16:18:52","slug":"a-noter-dans-votre-agenda-sportif-13-avr-2025","status":"publish","type":"post","link":"https:\/\/artsmartiauxcompiegnois.fr\/?p=12723","title":{"rendered":"A noter dans votre agenda sportif &#8211; 13 avr 2025"},"content":{"rendered":"<div class=\"xdj266r x11i5rnm xat24cr x1mh8g0r x1vvkbs x126k92a\">\n<div dir=\"auto\">Chers dirigeants et responsables de clubs,<\/div>\n<\/div>\n<div class=\"x11i5rnm xat24cr x1mh8g0r x1vvkbs xtlvy1s x126k92a\">\n<div dir=\"auto\">Nous avons le plaisir de vous annoncer que le 5\u00e8me Challenge Ville de Compi\u00e8gne se tiendra le dimanche 13 avril 2025 au Dojo Marcel MOTTET (Gymnase Robida, 1 Rue Rouget de Lisle &#8211; 60200 Compi\u00e8gne).<\/div>\n<\/div>\n<div class=\"x11i5rnm xat24cr x1mh8g0r x1vvkbs xtlvy1s x126k92a\">\n<div dir=\"auto\">Afin d\u2019assurer le bon d\u00e9roulement de cet \u00e9v\u00e9nement, nous vous invitons \u00e0 bloquer d\u00e8s maintenant cette date dans vos calendriers sportifs.<\/div>\n<\/div>\n<div class=\"x11i5rnm xat24cr x1mh8g0r x1vvkbs xtlvy1s x126k92a\">\n<div dir=\"auto\">Voici le programme des pes\u00e9es par cat\u00e9gorie :<\/div>\n<div dir=\"auto\">\u2022 Minimes (2011 \u00e0 2012) : 8h30 &#8211; 9h<\/div>\n<div dir=\"auto\">\u2022 Poussins (2015 \u00e0 2016) : 9h30 &#8211; 10h<\/div>\n<div dir=\"auto\">\u2022 Benjamins (2013 \u00e0 2014) : 12h &#8211; 12h30<\/div>\n<div dir=\"auto\">\u2022 Pr\u00e9-poussins (2017 \u00e0 2018) : 13h30 &#8211; 14h<\/div>\n<div dir=\"auto\">\u2022 Cadet\/Junior\/Senior (\u00e0 partir de 2010) : 16h &#8211; 16h30<\/div>\n<\/div>\n<div class=\"x11i5rnm xat24cr x1mh8g0r x1vvkbs xtlvy1s x126k92a\">\n<div dir=\"auto\">Les combats se d\u00e9rouleront selon le r\u00e8glement de la FFJDA, avec des poules ou tableaux \u00e9tablis par cat\u00e9gories de poids rapproch\u00e9es et en fonction du nombre de combattants. Tous les participants seront r\u00e9compens\u00e9s.<\/div>\n<\/div>\n<div class=\"x11i5rnm xat24cr x1mh8g0r x1vvkbs xtlvy1s x126k92a\">\n<div dir=\"auto\">Une restauration et buvette seront disponibles sur place.<\/div>\n<\/div>\n<div class=\"x11i5rnm xat24cr x1mh8g0r x1vvkbs xtlvy1s x126k92a\">\n<div dir=\"auto\">Merci de confirmer rapidement la participation de vos \u00e9quipes en vous inscrivant au 06 45 20 17 53 ou par mail \u00e0 arts-martiaux-compiegne@wanadoo.fr.<\/div>\n<\/div>\n<div class=\"x11i5rnm xat24cr x1mh8g0r x1vvkbs xtlvy1s x126k92a\">\n<div dir=\"auto\">Nous comptons sur votre pr\u00e9sence pour faire de cette journ\u00e9e un succ\u00e8s !<\/div>\n<\/div>\n","protected":false},"excerpt":{"rendered":"<p>Chers dirigeants et responsables de clubs, Nous avons le plaisir de vous annoncer que le 5\u00e8me Challenge Ville de Compi\u00e8gne se tiendra le dimanche 13 avril 2025 au Dojo Marcel MOTTET (Gymnase Robida, 1 Rue Rouget de Lisle &#8211; 60200 Compi\u00e8gne). Afin d\u2019assurer le bon d\u00e9roulement de cet \u00e9v\u00e9nement, nous vous invitons \u00e0 bloquer d\u00e8s [&hellip;]<\/p>\n","protected":false},"author":3,"featured_media":12719,"comment_status":"closed","ping_status":"closed","sticky":false,"template":"","format":"standard","meta":[],"categories":[7],"tags":[51,157],"_links":{"self":[{"href":"https:\/\/artsmartiauxcompiegnois.fr\/index.php?rest_route=\/wp\/v2\/posts\/12723"}],"collection":[{"href":"https:\/\/artsmartiauxcompiegnois.fr\/index.php?rest_route=\/wp\/v2\/posts"}],"about":[{"href":"https:\/\/artsmartiauxcompiegnois.fr\/index.php?rest_route=\/wp\/v2\/types\/post"}],"author":[{"embeddable":true,"href":"https:\/\/artsmartiauxcompiegnois.fr\/index.php?rest_route=\/wp\/v2\/users\/3"}],"replies":[{"embeddable":true,"href":"https:\/\/artsmartiauxcompiegnois.fr\/index.php?rest_route=%2Fwp%2Fv2%2Fcomments&post=12723"}],"version-history":[{"count":1,"href":"https:\/\/artsmartiauxcompiegnois.fr\/index.php?rest_route=\/wp\/v2\/posts\/12723\/revisions"}],"predecessor-version":[{"id":12724,"href":"https:\/\/artsmartiauxcompiegnois.fr\/index.php?rest_route=\/wp\/v2\/posts\/12723\/revisions\/12724"}],"wp:featuredmedia":[{"embeddable":true,"href":"https:\/\/artsmartiauxcompiegnois.fr\/index.php?rest_route=\/wp\/v2\/media\/12719"}],"wp:attachment":[{"href":"https:\/\/artsmartiauxcompiegnois.fr\/index.php?rest_route=%2Fwp%2Fv2%2Fmedia&parent=12723"}],"wp:term":[{"taxonomy":"category","embeddable":true,"href":"https:\/\/artsmartiauxcompiegnois.fr\/index.php?rest_route=%2Fwp%2Fv2%2Fcategories&post=12723"},{"taxonomy":"post_tag","embeddable":true,"href":"https:\/\/artsmartiauxcompiegnois.fr\/index.php?rest_route=%2Fwp%2Fv2%2Ftags&post=12723"}],"curies":[{"name":"wp","href":"https:\/\/api.w.org\/{rel}","templated":true}]}}