{"id":12733,"date":"2025-04-13T18:55:10","date_gmt":"2025-04-13T16:55:10","guid":{"rendered":"https:\/\/artsmartiauxcompiegnois.fr\/?p=12733"},"modified":"2025-07-01T19:40:20","modified_gmt":"2025-07-01T17:40:20","slug":"le-challenge-marcel-mottet-a-rencontre-un-vif-succes-13-avr-20025","status":"publish","type":"post","link":"https:\/\/artsmartiauxcompiegnois.fr\/?p=12733","title":{"rendered":"Le Challenge Marcel MOTTET a rencontr\u00e9 un vif succ\u00e8s &#8211; 13 avr 2025"},"content":{"rendered":"<h1 style=\"text-align: center; padding-left: 120px;\"><strong>F\u00e9licitations au club de Senlis pour sa brillante victoire, lors de la 5e \u00e9dition du Troph\u00e9e Marcel Mottet, <\/strong><\/h1>\n<h1 style=\"text-align: center; padding-left: 120px;\"><strong>Challenge de la Ville de Compi\u00e8gne de judo\u00a0<\/strong><\/h1>\n<p style=\"padding-left: 40px;\"><img loading=\"lazy\" class=\"aligncenter size-full wp-image-12738\" src=\"http:\/\/artsmartiauxcompiegnois.fr\/wp-content\/uploads\/2025\/04\/podium.jpg\" alt=\"\" width=\"372\" height=\"488\" srcset=\"https:\/\/artsmartiauxcompiegnois.fr\/wp-content\/uploads\/2025\/04\/podium.jpg 372w, https:\/\/artsmartiauxcompiegnois.fr\/wp-content\/uploads\/2025\/04\/podium-229x300.jpg 229w, https:\/\/artsmartiauxcompiegnois.fr\/wp-content\/uploads\/2025\/04\/podium-136x178.jpg 136w\" sizes=\"(max-width: 372px) 100vw, 372px\" \/><\/p>\n<p style=\"padding-left: 40px;\"><img loading=\"lazy\" class=\"aligncenter size-large wp-image-12737\" src=\"http:\/\/artsmartiauxcompiegnois.fr\/wp-content\/uploads\/2025\/04\/les-jurys.jpg\" alt=\"\" width=\"682\" height=\"440\" srcset=\"https:\/\/artsmartiauxcompiegnois.fr\/wp-content\/uploads\/2025\/04\/les-jurys.jpg 682w, https:\/\/artsmartiauxcompiegnois.fr\/wp-content\/uploads\/2025\/04\/les-jurys-300x194.jpg 300w, https:\/\/artsmartiauxcompiegnois.fr\/wp-content\/uploads\/2025\/04\/les-jurys-178x115.jpg 178w\" sizes=\"(max-width: 682px) 100vw, 682px\" \/><\/p>\n<p style=\"padding-left: 40px;\"><img loading=\"lazy\" class=\"aligncenter size-large wp-image-12736\" src=\"http:\/\/artsmartiauxcompiegnois.fr\/wp-content\/uploads\/2025\/04\/les-jeunes.jpg\" alt=\"\" width=\"960\" height=\"338\" srcset=\"https:\/\/artsmartiauxcompiegnois.fr\/wp-content\/uploads\/2025\/04\/les-jeunes.jpg 984w, https:\/\/artsmartiauxcompiegnois.fr\/wp-content\/uploads\/2025\/04\/les-jeunes-300x105.jpg 300w, https:\/\/artsmartiauxcompiegnois.fr\/wp-content\/uploads\/2025\/04\/les-jeunes-768x270.jpg 768w, https:\/\/artsmartiauxcompiegnois.fr\/wp-content\/uploads\/2025\/04\/les-jeunes-178x63.jpg 178w\" sizes=\"(max-width: 960px) 100vw, 960px\" \/><\/p>\n<p style=\"padding-left: 40px;\"><img loading=\"lazy\" class=\"size-full wp-image-12735 alignleft\" src=\"http:\/\/artsmartiauxcompiegnois.fr\/wp-content\/uploads\/2025\/04\/les-elus.jpg\" alt=\"\" width=\"391\" height=\"537\" srcset=\"https:\/\/artsmartiauxcompiegnois.fr\/wp-content\/uploads\/2025\/04\/les-elus.jpg 391w, https:\/\/artsmartiauxcompiegnois.fr\/wp-content\/uploads\/2025\/04\/les-elus-218x300.jpg 218w, https:\/\/artsmartiauxcompiegnois.fr\/wp-content\/uploads\/2025\/04\/les-elus-130x178.jpg 130w\" sizes=\"(max-width: 391px) 100vw, 391px\" \/> <img loading=\"lazy\" class=\"aligncenter size-full wp-image-12739\" src=\"http:\/\/artsmartiauxcompiegnois.fr\/wp-content\/uploads\/2025\/04\/podium-jeune.jpg\" alt=\"\" width=\"412\" height=\"593\" srcset=\"https:\/\/artsmartiauxcompiegnois.fr\/wp-content\/uploads\/2025\/04\/podium-jeune.jpg 412w, https:\/\/artsmartiauxcompiegnois.fr\/wp-content\/uploads\/2025\/04\/podium-jeune-208x300.jpg 208w, https:\/\/artsmartiauxcompiegnois.fr\/wp-content\/uploads\/2025\/04\/podium-jeune-124x178.jpg 124w\" sizes=\"(max-width: 412px) 100vw, 412px\" \/><\/p>\n<p style=\"padding-left: 40px;\">ge <img loading=\"lazy\" class=\"aligncenter size-full wp-image-12734\" src=\"http:\/\/artsmartiauxcompiegnois.fr\/wp-content\/uploads\/2025\/04\/foule.jpg\" alt=\"\" width=\"974\" height=\"521\" srcset=\"https:\/\/artsmartiauxcompiegnois.fr\/wp-content\/uploads\/2025\/04\/foule.jpg 974w, https:\/\/artsmartiauxcompiegnois.fr\/wp-content\/uploads\/2025\/04\/foule-300x160.jpg 300w, https:\/\/artsmartiauxcompiegnois.fr\/wp-content\/uploads\/2025\/04\/foule-768x411.jpg 768w, https:\/\/artsmartiauxcompiegnois.fr\/wp-content\/uploads\/2025\/04\/foule-178x95.jpg 178w\" sizes=\"(max-width: 974px) 100vw, 974px\" \/><\/p>\n","protected":false},"excerpt":{"rendered":"<p>F\u00e9licitations au club de Senlis pour sa brillante victoire, lors de la 5e \u00e9dition du Troph\u00e9e Marcel Mottet, Challenge de la Ville de Compi\u00e8gne de judo\u00a0 ge<\/p>\n","protected":false},"author":3,"featured_media":12738,"comment_status":"closed","ping_status":"closed","sticky":false,"template":"","format":"standard","meta":[],"categories":[7],"tags":[51,157,432],"_links":{"self":[{"href":"https:\/\/artsmartiauxcompiegnois.fr\/index.php?rest_route=\/wp\/v2\/posts\/12733"}],"collection":[{"href":"https:\/\/artsmartiauxcompiegnois.fr\/index.php?rest_route=\/wp\/v2\/posts"}],"about":[{"href":"https:\/\/artsmartiauxcompiegnois.fr\/index.php?rest_route=\/wp\/v2\/types\/post"}],"author":[{"embeddable":true,"href":"https:\/\/artsmartiauxcompiegnois.fr\/index.php?rest_route=\/wp\/v2\/users\/3"}],"replies":[{"embeddable":true,"href":"https:\/\/artsmartiauxcompiegnois.fr\/index.php?rest_route=%2Fwp%2Fv2%2Fcomments&post=12733"}],"version-history":[{"count":2,"href":"https:\/\/artsmartiauxcompiegnois.fr\/index.php?rest_route=\/wp\/v2\/posts\/12733\/revisions"}],"predecessor-version":[{"id":12785,"href":"https:\/\/artsmartiauxcompiegnois.fr\/index.php?rest_route=\/wp\/v2\/posts\/12733\/revisions\/12785"}],"wp:featuredmedia":[{"embeddable":true,"href":"https:\/\/artsmartiauxcompiegnois.fr\/index.php?rest_route=\/wp\/v2\/media\/12738"}],"wp:attachment":[{"href":"https:\/\/artsmartiauxcompiegnois.fr\/index.php?rest_route=%2Fwp%2Fv2%2Fmedia&parent=12733"}],"wp:term":[{"taxonomy":"category","embeddable":true,"href":"https:\/\/artsmartiauxcompiegnois.fr\/index.php?rest_route=%2Fwp%2Fv2%2Fcategories&post=12733"},{"taxonomy":"post_tag","embeddable":true,"href":"https:\/\/artsmartiauxcompiegnois.fr\/index.php?rest_route=%2Fwp%2Fv2%2Ftags&post=12733"}],"curies":[{"name":"wp","href":"https:\/\/api.w.org\/{rel}","templated":true}]}}