{"id":12742,"date":"2025-04-27T20:16:49","date_gmt":"2025-04-27T18:16:49","guid":{"rendered":"https:\/\/artsmartiauxcompiegnois.fr\/?p=12742"},"modified":"2025-04-30T12:30:16","modified_gmt":"2025-04-30T10:30:16","slug":"un-titre-de-champion-de-france-de-wushu-pour-notre-club-26-27-avr-2025","status":"publish","type":"post","link":"https:\/\/artsmartiauxcompiegnois.fr\/?p=12742","title":{"rendered":"Un titre de Champion de France de Wushu pour notre club : 26-27 avr 2025"},"content":{"rendered":"<div class=\"xdj266r x11i5rnm xat24cr x1mh8g0r x1vvkbs x126k92a\">\n<h1 dir=\"auto\" style=\"text-align: center;\"><span style=\"color: #ff0000;\">Un titre de Champion de France pour notre club<\/span><\/h1>\n<div dir=\"auto\" style=\"text-align: justify;\">Nos comp\u00e9titeurs ont brill\u00e9 lors du Championnat de France de Wushu, organis\u00e9 par la FFK les 26 et 27 avril 2025 au Dojo de Nogent-sur-Oise.\u00a0Plusieurs d\u2019entre eux ont acc\u00e9d\u00e9 au podium, avec un titre de champion de France : 1 m\u00e9daille d\u2019or, mais aussi 5 m\u00e9dailles d\u2019argent et 2 m\u00e9dailles de bronze.<\/div>\n<div dir=\"auto\"><\/div>\n<\/div>\n<div class=\"x11i5rnm xat24cr x1mh8g0r x1vvkbs xtlvy1s x126k92a\">\n<div dir=\"auto\">Ces r\u00e9sultats sont le fruit d\u2019un travail continu, d\u2019une d\u00e9termination sans faille et des moyens mat\u00e9riels mis en place.<\/div>\n<div dir=\"auto\"><strong><img loading=\"lazy\" class=\"size-large wp-image-12746 alignnone\" src=\"http:\/\/artsmartiauxcompiegnois.fr\/wp-content\/uploads\/2025\/04\/wishu-3.jpg\" alt=\"\" width=\"960\" height=\"531\" srcset=\"https:\/\/artsmartiauxcompiegnois.fr\/wp-content\/uploads\/2025\/04\/wishu-3.jpg 978w, https:\/\/artsmartiauxcompiegnois.fr\/wp-content\/uploads\/2025\/04\/wishu-3-300x166.jpg 300w, https:\/\/artsmartiauxcompiegnois.fr\/wp-content\/uploads\/2025\/04\/wishu-3-768x425.jpg 768w, https:\/\/artsmartiauxcompiegnois.fr\/wp-content\/uploads\/2025\/04\/wishu-3-178x98.jpg 178w\" sizes=\"(max-width: 960px) 100vw, 960px\" \/><\/strong><\/div>\n<div dir=\"auto\"><\/div>\n<\/div>\n<div class=\"x11i5rnm xat24cr x1mh8g0r x1vvkbs xtlvy1s x126k92a\">\n<div dir=\"auto\">Nous tenons \u00e0 remercier chaleureusement nos coachs, S\u00e9bastien et Vasco, pour leur engagement, les familles pour leur soutien, et surtout l\u2019ensemble de nos comp\u00e9titeurs, qui ont fait preuve de courage et de pers\u00e9v\u00e9rance. F\u00e9licitations \u00e0 tous les participants pour avoir port\u00e9 haut les couleurs de notre club.<\/div>\n<div dir=\"auto\"><\/div>\n<\/div>\n<div class=\"x11i5rnm xat24cr x1mh8g0r x1vvkbs xtlvy1s x126k92a\">\n<h3 dir=\"auto\" style=\"text-align: center;\">Les r\u00e9sultats des comp\u00e9titeurs :<\/h3>\n<\/div>\n<div class=\"x11i5rnm xat24cr x1mh8g0r x1vvkbs xtlvy1s x126k92a\">\n<div dir=\"auto\"><strong>Minimes<\/strong> :<\/div>\n<div dir=\"auto\">\u2022 CAMBIER Shemseddine \u2013 2e (Argent)<\/div>\n<\/div>\n<div class=\"x11i5rnm xat24cr x1mh8g0r x1vvkbs xtlvy1s x126k92a\">\n<div dir=\"auto\"><strong>Cadets :<\/strong><\/div>\n<div dir=\"auto\">\u2022 SUCHET In\u00e8s \u2013 3e (Bronze)<\/div>\n<p><strong><img loading=\"lazy\" class=\"wp-image-12744 alignright\" src=\"http:\/\/artsmartiauxcompiegnois.fr\/wp-content\/uploads\/2025\/04\/wishu-1.jpg\" alt=\"\" width=\"437\" height=\"205\" srcset=\"https:\/\/artsmartiauxcompiegnois.fr\/wp-content\/uploads\/2025\/04\/wishu-1.jpg 865w, https:\/\/artsmartiauxcompiegnois.fr\/wp-content\/uploads\/2025\/04\/wishu-1-300x141.jpg 300w, https:\/\/artsmartiauxcompiegnois.fr\/wp-content\/uploads\/2025\/04\/wishu-1-768x360.jpg 768w, https:\/\/artsmartiauxcompiegnois.fr\/wp-content\/uploads\/2025\/04\/wishu-1-178x84.jpg 178w\" sizes=\"(max-width: 437px) 100vw, 437px\" \/><\/strong><\/p>\n<div dir=\"auto\">\u2022 LAMOUCHE Kelissa \u2013 3e (Bronze)<\/div>\n<div dir=\"auto\">\u2022 CAMBIER Sakina \u2013 2e (Argent)<\/div>\n<div dir=\"auto\">\u2022 DI FELICE Stephano \u2013 2e (Argent)<\/div>\n<div dir=\"auto\"><\/div>\n<\/div>\n<div class=\"x11i5rnm xat24cr x1mh8g0r x1vvkbs xtlvy1s x126k92a\">\n<div dir=\"auto\"><strong>Juniors :<br \/>\n<\/strong><\/div>\n<div dir=\"auto\">\u2022 KHANFOUDI Wajih Mohamed \u2013 1er (Or)<\/div>\n<\/div>\n<div class=\"x11i5rnm xat24cr x1mh8g0r x1vvkbs xtlvy1s x126k92a\">\n<div dir=\"auto\">Seniors :<\/div>\n<div dir=\"auto\">\u2022 BECCARI Baptiste \u2013 2e (Argent)<\/div>\n<div dir=\"auto\">\u2022 DAIM Adam \u2013 3e (Bronze)<\/div>\n<div dir=\"auto\"><\/div>\n<\/div>\n<div class=\"x11i5rnm xat24cr x1mh8g0r x1vvkbs xtlvy1s x126k92a\">\n<div dir=\"auto\"><strong>V\u00e9t\u00e9rans :<\/strong><\/div>\n<div dir=\"auto\">\u2022 LAMOUCHE Alain \u2013 3e (Bronze)<\/div>\n<div dir=\"auto\">\u2022 CAMBIER Richard \u2013 3e (Bronze)<\/div>\n<div dir=\"auto\"><\/div>\n<\/div>\n<div class=\"x11i5rnm xat24cr x1mh8g0r x1vvkbs xtlvy1s x126k92a\">\n<div dir=\"auto\"><strong>Non class\u00e9s (NC) :<\/strong><\/div>\n<div dir=\"auto\">\u2022 VAN DEN HEDE Yan<\/div>\n<div dir=\"auto\">\u2022 MASSCHELIN Lukas<\/div>\n<div dir=\"auto\">\u2022 FRITSCH Jim<\/div>\n<\/div>\n<div class=\"x11i5rnm xat24cr x1mh8g0r x1vvkbs xtlvy1s x126k92a\">\n<div dir=\"auto\"><\/div>\n<\/div>\n","protected":false},"excerpt":{"rendered":"<p>Un titre de Champion de France pour notre club Nos comp\u00e9titeurs ont brill\u00e9 lors du Championnat de France de Wushu, organis\u00e9 par la FFK les 26 et 27 avril 2025 au Dojo de Nogent-sur-Oise.\u00a0Plusieurs d\u2019entre eux ont acc\u00e9d\u00e9 au podium, avec un titre de champion de France : 1 m\u00e9daille d\u2019or, mais aussi 5 m\u00e9dailles [&hellip;]<\/p>\n","protected":false},"author":3,"featured_media":12745,"comment_status":"closed","ping_status":"closed","sticky":false,"template":"","format":"standard","meta":[],"categories":[7],"tags":[],"_links":{"self":[{"href":"https:\/\/artsmartiauxcompiegnois.fr\/index.php?rest_route=\/wp\/v2\/posts\/12742"}],"collection":[{"href":"https:\/\/artsmartiauxcompiegnois.fr\/index.php?rest_route=\/wp\/v2\/posts"}],"about":[{"href":"https:\/\/artsmartiauxcompiegnois.fr\/index.php?rest_route=\/wp\/v2\/types\/post"}],"author":[{"embeddable":true,"href":"https:\/\/artsmartiauxcompiegnois.fr\/index.php?rest_route=\/wp\/v2\/users\/3"}],"replies":[{"embeddable":true,"href":"https:\/\/artsmartiauxcompiegnois.fr\/index.php?rest_route=%2Fwp%2Fv2%2Fcomments&post=12742"}],"version-history":[{"count":1,"href":"https:\/\/artsmartiauxcompiegnois.fr\/index.php?rest_route=\/wp\/v2\/posts\/12742\/revisions"}],"predecessor-version":[{"id":12747,"href":"https:\/\/artsmartiauxcompiegnois.fr\/index.php?rest_route=\/wp\/v2\/posts\/12742\/revisions\/12747"}],"wp:featuredmedia":[{"embeddable":true,"href":"https:\/\/artsmartiauxcompiegnois.fr\/index.php?rest_route=\/wp\/v2\/media\/12745"}],"wp:attachment":[{"href":"https:\/\/artsmartiauxcompiegnois.fr\/index.php?rest_route=%2Fwp%2Fv2%2Fmedia&parent=12742"}],"wp:term":[{"taxonomy":"category","embeddable":true,"href":"https:\/\/artsmartiauxcompiegnois.fr\/index.php?rest_route=%2Fwp%2Fv2%2Fcategories&post=12742"},{"taxonomy":"post_tag","embeddable":true,"href":"https:\/\/artsmartiauxcompiegnois.fr\/index.php?rest_route=%2Fwp%2Fv2%2Ftags&post=12742"}],"curies":[{"name":"wp","href":"https:\/\/api.w.org\/{rel}","templated":true}]}}