{"id":12755,"date":"2025-04-13T12:48:26","date_gmt":"2025-04-13T10:48:26","guid":{"rendered":"https:\/\/artsmartiauxcompiegnois.fr\/?p=12755"},"modified":"2025-05-02T12:52:09","modified_gmt":"2025-05-02T10:52:09","slug":"a-noter-dans-votre-agenda-sportif-stage-multidisciplinaire-exceptionnel-anime-par-larbi-benboudaoud-et-serge-serfati-25-mai-2025","status":"publish","type":"post","link":"https:\/\/artsmartiauxcompiegnois.fr\/?p=12755","title":{"rendered":"A noter dans votre agenda sportif : Stage multidisciplinaire exceptionnel anim\u00e9 par Larbi Benboudaoud et Serge Serfati  &#8211; 25 mai 2025"},"content":{"rendered":"<p><span class=\"x193iq5w xeuugli x13faqbe x1vvkbs x1xmvt09 x1lliihq x1s928wv xhkezso x1gmr53x x1cpjm7i x1fgarty x1943h6x xudqn12 x3x7a5m x6prxxf xvq8zen xo1l8bm xzsf02u\" dir=\"auto\">Notre club organise\u00a0<\/span>un stage multidisciplinaire exceptionnel, ouvert \u00e0 tous nos pratiquants, toutes disciplines associ\u00e9es : judo, karat\u00e9, self-d\u00e9fense, pieds-poings, lutte, MMA, boxe, etc.<\/p>\n<p>Ce stage sera anim\u00e9 sous la direction technique de deux experts de renomm\u00e9e internationale, r\u00e9f\u00e9rents de notre club :<\/p>\n<ul>\n<li><strong>Larbi Benboudaoud<\/strong> \u2013 7e dan, Champion du Monde, Vice-champion olympique, Kimono d\u2019or de la FFJDA<\/li>\n<li><strong>Serge Serfati<\/strong>\u2013 8e dan, Expert f\u00e9d\u00e9ral, Champion d\u2019Europe, Vice-champion du Monde de la FFKDA<\/li>\n<\/ul>\n<p><span class=\"x193iq5w xeuugli x13faqbe x1vvkbs x1xmvt09 x1lliihq x1s928wv xhkezso x1gmr53x x1cpjm7i x1fgarty x1943h6x xudqn12 x3x7a5m x6prxxf xvq8zen xo1l8bm xzsf02u\" dir=\"auto\"><br class=\"html-br\" \/>C\u2019est un v\u00e9ritable honneur pour nous de pouvoir nous appuyer sur leur expertise.<br class=\"html-br\" \/><br class=\"html-br\" \/>Rendez-vous dimanche 25 mai 2025, de 10h \u00e0 12h30,<br class=\"html-br\" \/>au Gymnase Robida<br class=\"html-br\" \/>\u00c0 partir de 12 ans<br class=\"html-br\" \/><br class=\"html-br\" \/>Une belle occasion de rassembler tous les pratiquants du club autour d\u2019un moment de partage, de progression et d\u2019unit\u00e9, dans l\u2019esprit des arts martiaux.\u00a0<\/span><\/p>\n","protected":false},"excerpt":{"rendered":"<p>Notre club organise\u00a0un stage multidisciplinaire exceptionnel, ouvert \u00e0 tous nos pratiquants, toutes disciplines associ\u00e9es : judo, karat\u00e9, self-d\u00e9fense, pieds-poings, lutte, MMA, boxe, etc. Ce stage sera anim\u00e9 sous la direction technique de deux experts de renomm\u00e9e internationale, r\u00e9f\u00e9rents de notre club : Larbi Benboudaoud \u2013 7e dan, Champion du Monde, Vice-champion olympique, Kimono d\u2019or de [&hellip;]<\/p>\n","protected":false},"author":3,"featured_media":12750,"comment_status":"closed","ping_status":"closed","sticky":false,"template":"","format":"standard","meta":[],"categories":[7],"tags":[51],"_links":{"self":[{"href":"https:\/\/artsmartiauxcompiegnois.fr\/index.php?rest_route=\/wp\/v2\/posts\/12755"}],"collection":[{"href":"https:\/\/artsmartiauxcompiegnois.fr\/index.php?rest_route=\/wp\/v2\/posts"}],"about":[{"href":"https:\/\/artsmartiauxcompiegnois.fr\/index.php?rest_route=\/wp\/v2\/types\/post"}],"author":[{"embeddable":true,"href":"https:\/\/artsmartiauxcompiegnois.fr\/index.php?rest_route=\/wp\/v2\/users\/3"}],"replies":[{"embeddable":true,"href":"https:\/\/artsmartiauxcompiegnois.fr\/index.php?rest_route=%2Fwp%2Fv2%2Fcomments&post=12755"}],"version-history":[{"count":1,"href":"https:\/\/artsmartiauxcompiegnois.fr\/index.php?rest_route=\/wp\/v2\/posts\/12755\/revisions"}],"predecessor-version":[{"id":12756,"href":"https:\/\/artsmartiauxcompiegnois.fr\/index.php?rest_route=\/wp\/v2\/posts\/12755\/revisions\/12756"}],"wp:featuredmedia":[{"embeddable":true,"href":"https:\/\/artsmartiauxcompiegnois.fr\/index.php?rest_route=\/wp\/v2\/media\/12750"}],"wp:attachment":[{"href":"https:\/\/artsmartiauxcompiegnois.fr\/index.php?rest_route=%2Fwp%2Fv2%2Fmedia&parent=12755"}],"wp:term":[{"taxonomy":"category","embeddable":true,"href":"https:\/\/artsmartiauxcompiegnois.fr\/index.php?rest_route=%2Fwp%2Fv2%2Fcategories&post=12755"},{"taxonomy":"post_tag","embeddable":true,"href":"https:\/\/artsmartiauxcompiegnois.fr\/index.php?rest_route=%2Fwp%2Fv2%2Ftags&post=12755"}],"curies":[{"name":"wp","href":"https:\/\/api.w.org\/{rel}","templated":true}]}}