{"id":12774,"date":"2025-07-01T19:08:29","date_gmt":"2025-07-01T17:08:29","guid":{"rendered":"https:\/\/artsmartiauxcompiegnois.fr\/?p=12774"},"modified":"2025-07-18T11:23:18","modified_gmt":"2025-07-18T09:23:18","slug":"les-re-inscriptions-pour-la-saison-2025-2026-sont-ouvertes","status":"publish","type":"post","link":"https:\/\/artsmartiauxcompiegnois.fr\/?p=12774","title":{"rendered":"Fermeture estivale du Club &#8211; Les (r\u00e9)-inscriptions pour la saison 2025-2026 sont ouvertes"},"content":{"rendered":"<h1 style=\"text-align: center;\">Le Club est ferm\u00e9 \u00e0 compter du samedi le 12 juillet 2025 jusqu&rsquo;au dimanche 25 ao\u00fbt 2025 inclus.<\/h1>\n<p>Nous vous souhaitons de belles et bonnes vacances et revenez nous en pleine forme, pour entamer une nouvelle saison sportive 2025-2026 dans notre Club des Arts Martiaux Compi\u00e9gnois.<\/p>\n<p>Nous vous invitons, d&rsquo;ores et d\u00e9j\u00e0, \u00e0 t\u00e9l\u00e9charger les documents, collecter les pi\u00e8ces \u00e0 joindre au dossier, et vous assurer d&rsquo;avoir compl\u00e9t\u00e9 le dossier avant de le d\u00e9poser avec votre r\u00e8glement.<\/p>\n<p style=\"text-align: center;\"><a href=\"http:\/\/artsmartiauxcompiegnois.fr\/wp-content\/uploads\/2025\/07\/Fiche-inscription-2025-2026.pdf\" target=\"_blank\" rel=\"noopener\">Fiche inscription saison 2025-2026<\/a><\/p>\n<p style=\"text-align: center;\"><a href=\"http:\/\/artsmartiauxcompiegnois.fr\/wp-content\/uploads\/2025\/07\/Doc_a_fournir_inscription-AMC_2025-26.pdf\" target=\"_blank\" rel=\"noopener\">Documents \u00e0 fournir pour l&rsquo;inscription 2025-2026<\/a><\/p>\n<p style=\"text-align: center;\"><a href=\"http:\/\/artsmartiauxcompiegnois.fr\/wp-content\/uploads\/2025\/07\/accompagement_trajet-mineur-AMC_2025-26.pdf\" target=\"_blank\" rel=\"noopener\">Accompagnement trajet des enfants mineurs saison 2025-2026<\/a><\/p>\n<p style=\"text-align: center;\"><a href=\"http:\/\/artsmartiauxcompiegnois.fr\/wp-content\/uploads\/2025\/07\/Charte_Engagement_Adherent_2025_2026.pdf\" target=\"_blank\" rel=\"noopener\">Charte d\u2019engagement de l\u2019adh\u00e9rent<\/a><\/p>\n<h1 style=\"text-align: center;\"><span style=\"color: #ff0000;\"><strong>Attention, tout dossier incomplet ne sera pas trait\u00e9<\/strong><\/span><\/h1>\n<h3 style=\"text-align: center;\">Le bureau du secr\u00e9tariat sera ouvert du 01 au 12 juillet 2025 de 18 \u00e0 20H00,<\/h3>\n<h3 style=\"text-align: center;\">puis \u00e0 partir du 26 ao\u00fbt 2025 de 18 \u00e0 20H00.<\/h3>\n<h2 style=\"text-align: center;\">Les cours reprendront le lundi 1er septembre 2025<\/h2>\n<h3 style=\"text-align: center;\">N&rsquo;attendez pas la rentr\u00e9e de septembre pour d\u00e9poser votre dossier.<\/h3>\n<p>En vue d&rsquo;une efficacit\u00e9 de l&rsquo;enregistrement de votre dossier d&rsquo;adh\u00e9sion, vous voudrez bien d\u00e9poser votre dossier compl\u00e9t\u00e9 avec les documents requis. Les dossiers incomplets ne seront pas trait\u00e9s.<\/p>\n","protected":false},"excerpt":{"rendered":"<p>Le Club est ferm\u00e9 \u00e0 compter du samedi le 12 juillet 2025 jusqu&rsquo;au dimanche 25 ao\u00fbt 2025 inclus. Nous vous souhaitons de belles et bonnes vacances et revenez nous en pleine forme, pour entamer une nouvelle saison sportive 2025-2026 dans notre Club des Arts Martiaux Compi\u00e9gnois. Nous vous invitons, d&rsquo;ores et d\u00e9j\u00e0, \u00e0 t\u00e9l\u00e9charger les [&hellip;]<\/p>\n","protected":false},"author":3,"featured_media":12789,"comment_status":"closed","ping_status":"closed","sticky":false,"template":"","format":"standard","meta":[],"categories":[7],"tags":[442],"_links":{"self":[{"href":"https:\/\/artsmartiauxcompiegnois.fr\/index.php?rest_route=\/wp\/v2\/posts\/12774"}],"collection":[{"href":"https:\/\/artsmartiauxcompiegnois.fr\/index.php?rest_route=\/wp\/v2\/posts"}],"about":[{"href":"https:\/\/artsmartiauxcompiegnois.fr\/index.php?rest_route=\/wp\/v2\/types\/post"}],"author":[{"embeddable":true,"href":"https:\/\/artsmartiauxcompiegnois.fr\/index.php?rest_route=\/wp\/v2\/users\/3"}],"replies":[{"embeddable":true,"href":"https:\/\/artsmartiauxcompiegnois.fr\/index.php?rest_route=%2Fwp%2Fv2%2Fcomments&post=12774"}],"version-history":[{"count":9,"href":"https:\/\/artsmartiauxcompiegnois.fr\/index.php?rest_route=\/wp\/v2\/posts\/12774\/revisions"}],"predecessor-version":[{"id":12782,"href":"https:\/\/artsmartiauxcompiegnois.fr\/index.php?rest_route=\/wp\/v2\/posts\/12774\/revisions\/12782"}],"wp:featuredmedia":[{"embeddable":true,"href":"https:\/\/artsmartiauxcompiegnois.fr\/index.php?rest_route=\/wp\/v2\/media\/12789"}],"wp:attachment":[{"href":"https:\/\/artsmartiauxcompiegnois.fr\/index.php?rest_route=%2Fwp%2Fv2%2Fmedia&parent=12774"}],"wp:term":[{"taxonomy":"category","embeddable":true,"href":"https:\/\/artsmartiauxcompiegnois.fr\/index.php?rest_route=%2Fwp%2Fv2%2Fcategories&post=12774"},{"taxonomy":"post_tag","embeddable":true,"href":"https:\/\/artsmartiauxcompiegnois.fr\/index.php?rest_route=%2Fwp%2Fv2%2Ftags&post=12774"}],"curies":[{"name":"wp","href":"https:\/\/api.w.org\/{rel}","templated":true}]}}