{"id":12790,"date":"2025-06-30T18:32:23","date_gmt":"2025-06-30T16:32:23","guid":{"rendered":"https:\/\/artsmartiauxcompiegnois.fr\/?p=12790"},"modified":"2025-07-03T18:43:49","modified_gmt":"2025-07-03T16:43:49","slug":"passages-de-grades-deux-nouvelles-ceintures-noires-au-club-30-juin-2025","status":"publish","type":"post","link":"https:\/\/artsmartiauxcompiegnois.fr\/?p=12790","title":{"rendered":"Passages de grades : deux nouvelles ceintures noires au Club &#8211; 30 juin 2025"},"content":{"rendered":"<div dir=\"auto\">Lundi 30 juin 2025, Vasco et Florian ont brillamment relev\u00e9 le d\u00e9fi, devant un jury compos\u00e9 de Sylvue Audon, Tony Everard et Akim Bahmed<\/div>\n<div dir=\"auto\"><\/div>\n<div dir=\"auto\">Nous f\u00e9licitons nos deux candidats, qui, d\u00e9sormais viennent ajouter deux nouvelles ceintures noires au Club des Arts Martiaux Compi\u00e9gnois<\/div>\n<div dir=\"auto\"><\/div>\n<div dir=\"auto\">L&rsquo;ensemble du Comit\u00e9 de Direction observe leur engagement, leur d\u00e9termination et leur progression dans la ma\u00eetrise de leur discipline. Ce sont des exemples \u00e0 suivre.<img loading=\"lazy\" class=\"aligncenter size-full wp-image-12791\" src=\"http:\/\/artsmartiauxcompiegnois.fr\/wp-content\/uploads\/2025\/07\/ceintures-noires-20250630.jpg\" alt=\"\" width=\"609\" height=\"302\" srcset=\"https:\/\/artsmartiauxcompiegnois.fr\/wp-content\/uploads\/2025\/07\/ceintures-noires-20250630.jpg 609w, https:\/\/artsmartiauxcompiegnois.fr\/wp-content\/uploads\/2025\/07\/ceintures-noires-20250630-300x149.jpg 300w, https:\/\/artsmartiauxcompiegnois.fr\/wp-content\/uploads\/2025\/07\/ceintures-noires-20250630-178x88.jpg 178w\" sizes=\"(max-width: 609px) 100vw, 609px\" \/><\/div>\n","protected":false},"excerpt":{"rendered":"<p>Lundi 30 juin 2025, Vasco et Florian ont brillamment relev\u00e9 le d\u00e9fi, devant un jury compos\u00e9 de Sylvue Audon, Tony Everard et Akim Bahmed Nous f\u00e9licitons nos deux candidats, qui, d\u00e9sormais viennent ajouter deux nouvelles ceintures noires au Club des Arts Martiaux Compi\u00e9gnois L&rsquo;ensemble du Comit\u00e9 de Direction observe leur engagement, leur d\u00e9termination et leur [&hellip;]<\/p>\n","protected":false},"author":3,"featured_media":0,"comment_status":"closed","ping_status":"closed","sticky":false,"template":"","format":"standard","meta":[],"categories":[7],"tags":[],"_links":{"self":[{"href":"https:\/\/artsmartiauxcompiegnois.fr\/index.php?rest_route=\/wp\/v2\/posts\/12790"}],"collection":[{"href":"https:\/\/artsmartiauxcompiegnois.fr\/index.php?rest_route=\/wp\/v2\/posts"}],"about":[{"href":"https:\/\/artsmartiauxcompiegnois.fr\/index.php?rest_route=\/wp\/v2\/types\/post"}],"author":[{"embeddable":true,"href":"https:\/\/artsmartiauxcompiegnois.fr\/index.php?rest_route=\/wp\/v2\/users\/3"}],"replies":[{"embeddable":true,"href":"https:\/\/artsmartiauxcompiegnois.fr\/index.php?rest_route=%2Fwp%2Fv2%2Fcomments&post=12790"}],"version-history":[{"count":1,"href":"https:\/\/artsmartiauxcompiegnois.fr\/index.php?rest_route=\/wp\/v2\/posts\/12790\/revisions"}],"predecessor-version":[{"id":12792,"href":"https:\/\/artsmartiauxcompiegnois.fr\/index.php?rest_route=\/wp\/v2\/posts\/12790\/revisions\/12792"}],"wp:attachment":[{"href":"https:\/\/artsmartiauxcompiegnois.fr\/index.php?rest_route=%2Fwp%2Fv2%2Fmedia&parent=12790"}],"wp:term":[{"taxonomy":"category","embeddable":true,"href":"https:\/\/artsmartiauxcompiegnois.fr\/index.php?rest_route=%2Fwp%2Fv2%2Fcategories&post=12790"},{"taxonomy":"post_tag","embeddable":true,"href":"https:\/\/artsmartiauxcompiegnois.fr\/index.php?rest_route=%2Fwp%2Fv2%2Ftags&post=12790"}],"curies":[{"name":"wp","href":"https:\/\/api.w.org\/{rel}","templated":true}]}}