{"id":12909,"date":"2025-10-16T18:40:44","date_gmt":"2025-10-16T16:40:44","guid":{"rendered":"https:\/\/artsmartiauxcompiegnois.fr\/?p=12909"},"modified":"2025-10-16T18:41:14","modified_gmt":"2025-10-16T16:41:14","slug":"a-noter-dans-votre-agenda-sportif-22-nov-2025-stage-anime-par-christian-clause-expert-federal-9eme-dan","status":"publish","type":"post","link":"https:\/\/artsmartiauxcompiegnois.fr\/?p=12909","title":{"rendered":"A noter dans votre agenda sportif : 22 nov 2025 &#8211; stage Karat\u00e9 anim\u00e9 par Christian Clause, expert f\u00e9d\u00e9ral, 9\u00e8me Dan"},"content":{"rendered":"<h1 style=\"text-align: center;\">Notre Club aura l&rsquo;honneur d&rsquo;accueillir le stage de Karat\u00e9 anim\u00e9 par Christian Clause, expert f\u00e9d\u00e9ral, 9\u00e8me Dan.<\/h1>\n<h1 style=\"text-align: center;\">R\u00e9servez cette date dans votre agenda !<\/h1>\n<p><img loading=\"lazy\" class=\"aligncenter size-full wp-image-12906\" src=\"http:\/\/artsmartiauxcompiegnois.fr\/wp-content\/uploads\/2025\/10\/stage-christian-clause.jpg\" alt=\"\" width=\"509\" height=\"720\" srcset=\"https:\/\/artsmartiauxcompiegnois.fr\/wp-content\/uploads\/2025\/10\/stage-christian-clause.jpg 509w, https:\/\/artsmartiauxcompiegnois.fr\/wp-content\/uploads\/2025\/10\/stage-christian-clause-212x300.jpg 212w, https:\/\/artsmartiauxcompiegnois.fr\/wp-content\/uploads\/2025\/10\/stage-christian-clause-126x178.jpg 126w\" sizes=\"(max-width: 509px) 100vw, 509px\" \/><\/p>\n","protected":false},"excerpt":{"rendered":"<p>Notre Club aura l&rsquo;honneur d&rsquo;accueillir le stage de Karat\u00e9 anim\u00e9 par Christian Clause, expert f\u00e9d\u00e9ral, 9\u00e8me Dan. R\u00e9servez cette date dans votre agenda !<\/p>\n","protected":false},"author":3,"featured_media":12906,"comment_status":"closed","ping_status":"closed","sticky":false,"template":"","format":"standard","meta":[],"categories":[8],"tags":[],"_links":{"self":[{"href":"https:\/\/artsmartiauxcompiegnois.fr\/index.php?rest_route=\/wp\/v2\/posts\/12909"}],"collection":[{"href":"https:\/\/artsmartiauxcompiegnois.fr\/index.php?rest_route=\/wp\/v2\/posts"}],"about":[{"href":"https:\/\/artsmartiauxcompiegnois.fr\/index.php?rest_route=\/wp\/v2\/types\/post"}],"author":[{"embeddable":true,"href":"https:\/\/artsmartiauxcompiegnois.fr\/index.php?rest_route=\/wp\/v2\/users\/3"}],"replies":[{"embeddable":true,"href":"https:\/\/artsmartiauxcompiegnois.fr\/index.php?rest_route=%2Fwp%2Fv2%2Fcomments&post=12909"}],"version-history":[{"count":3,"href":"https:\/\/artsmartiauxcompiegnois.fr\/index.php?rest_route=\/wp\/v2\/posts\/12909\/revisions"}],"predecessor-version":[{"id":12912,"href":"https:\/\/artsmartiauxcompiegnois.fr\/index.php?rest_route=\/wp\/v2\/posts\/12909\/revisions\/12912"}],"wp:featuredmedia":[{"embeddable":true,"href":"https:\/\/artsmartiauxcompiegnois.fr\/index.php?rest_route=\/wp\/v2\/media\/12906"}],"wp:attachment":[{"href":"https:\/\/artsmartiauxcompiegnois.fr\/index.php?rest_route=%2Fwp%2Fv2%2Fmedia&parent=12909"}],"wp:term":[{"taxonomy":"category","embeddable":true,"href":"https:\/\/artsmartiauxcompiegnois.fr\/index.php?rest_route=%2Fwp%2Fv2%2Fcategories&post=12909"},{"taxonomy":"post_tag","embeddable":true,"href":"https:\/\/artsmartiauxcompiegnois.fr\/index.php?rest_route=%2Fwp%2Fv2%2Ftags&post=12909"}],"curies":[{"name":"wp","href":"https:\/\/api.w.org\/{rel}","templated":true}]}}