{"id":12913,"date":"2025-10-11T18:42:38","date_gmt":"2025-10-11T16:42:38","guid":{"rendered":"https:\/\/artsmartiauxcompiegnois.fr\/?p=12913"},"modified":"2025-10-16T19:00:35","modified_gmt":"2025-10-16T17:00:35","slug":"stage-caricatif-octobre-rose-11-oct-2025","status":"publish","type":"post","link":"https:\/\/artsmartiauxcompiegnois.fr\/?p=12913","title":{"rendered":"Stage caricatif &#8211; octobre rose &#8211; 11 oct 2025"},"content":{"rendered":"<h3 style=\"text-align: justify;\"><span style=\"color: #ff99cc;\">Stage Octobre Rose \u2014\u00a0 samedi 11 octobre 2025 au club des Arts Martiaux Compi\u00e9gnois, s&rsquo;est d\u00e9roul\u00e9 ce stage caritatif, organis\u00e9 par le Comit\u00e9 D\u00e9partemental de l\u2019Oise de Karat\u00e9 et Disciplines Associ\u00e9es.<\/span><\/h3>\n<h3 style=\"text-align: justify;\"><span style=\"color: #ff99cc;\">Un stage anim\u00e9 par Catherine Th\u00e9ry, 6\u1d49 Dan et Experte F\u00e9d\u00e9rale (Body Karat\u00e9 et Karat\u00e9 D\u00e9fense Training), ainsi que par \u00c9milie Gervoise, 3\u1d49 Dan en Yoseikan Budo<\/span><\/h3>\n","protected":false},"excerpt":{"rendered":"<p>Stage Octobre Rose \u2014\u00a0 samedi 11 octobre 2025 au club des Arts Martiaux Compi\u00e9gnois, s&rsquo;est d\u00e9roul\u00e9 ce stage caritatif, organis\u00e9 par le Comit\u00e9 D\u00e9partemental de l\u2019Oise de Karat\u00e9 et Disciplines Associ\u00e9es. Un stage anim\u00e9 par Catherine Th\u00e9ry, 6\u1d49 Dan et Experte F\u00e9d\u00e9rale (Body Karat\u00e9 et Karat\u00e9 D\u00e9fense Training), ainsi que par \u00c9milie Gervoise, 3\u1d49 Dan [&hellip;]<\/p>\n","protected":false},"author":3,"featured_media":0,"comment_status":"closed","ping_status":"closed","sticky":false,"template":"","format":"standard","meta":[],"categories":[7],"tags":[],"_links":{"self":[{"href":"https:\/\/artsmartiauxcompiegnois.fr\/index.php?rest_route=\/wp\/v2\/posts\/12913"}],"collection":[{"href":"https:\/\/artsmartiauxcompiegnois.fr\/index.php?rest_route=\/wp\/v2\/posts"}],"about":[{"href":"https:\/\/artsmartiauxcompiegnois.fr\/index.php?rest_route=\/wp\/v2\/types\/post"}],"author":[{"embeddable":true,"href":"https:\/\/artsmartiauxcompiegnois.fr\/index.php?rest_route=\/wp\/v2\/users\/3"}],"replies":[{"embeddable":true,"href":"https:\/\/artsmartiauxcompiegnois.fr\/index.php?rest_route=%2Fwp%2Fv2%2Fcomments&post=12913"}],"version-history":[{"count":1,"href":"https:\/\/artsmartiauxcompiegnois.fr\/index.php?rest_route=\/wp\/v2\/posts\/12913\/revisions"}],"predecessor-version":[{"id":12914,"href":"https:\/\/artsmartiauxcompiegnois.fr\/index.php?rest_route=\/wp\/v2\/posts\/12913\/revisions\/12914"}],"wp:attachment":[{"href":"https:\/\/artsmartiauxcompiegnois.fr\/index.php?rest_route=%2Fwp%2Fv2%2Fmedia&parent=12913"}],"wp:term":[{"taxonomy":"category","embeddable":true,"href":"https:\/\/artsmartiauxcompiegnois.fr\/index.php?rest_route=%2Fwp%2Fv2%2Fcategories&post=12913"},{"taxonomy":"post_tag","embeddable":true,"href":"https:\/\/artsmartiauxcompiegnois.fr\/index.php?rest_route=%2Fwp%2Fv2%2Ftags&post=12913"}],"curies":[{"name":"wp","href":"https:\/\/api.w.org\/{rel}","templated":true}]}}