{"id":12932,"date":"2025-11-17T09:58:09","date_gmt":"2025-11-17T07:58:09","guid":{"rendered":"https:\/\/artsmartiauxcompiegnois.fr\/?p=12932"},"modified":"2025-11-17T09:58:09","modified_gmt":"2025-11-17T07:58:09","slug":"formation-jury-des-grades-29-nov-2025","status":"publish","type":"post","link":"https:\/\/artsmartiauxcompiegnois.fr\/?p=12932","title":{"rendered":"Formation \u00ab\u00a0Jury des Grades\u00a0\u00bb &#8211; 29 nov 2025"},"content":{"rendered":"<h2 style=\"text-align: center;\">A noter dans vos agendas &#8230; pour \u00e9voluer dans la pratique de votre sport &#8230;<\/h2>\n<h2 style=\"text-align: center;\">Venez vous former pour devenir membre du Jury des passages de grades<\/h2>\n<p><img src=\"https:\/\/scontent-cdg4-3.xx.fbcdn.net\/v\/t39.30808-6\/581814900_3714535155510120_5836675353644688155_n.jpg?_nc_cat=106&amp;ccb=1-7&amp;_nc_sid=833d8c&amp;_nc_ohc=lUk9P2NwKSEQ7kNvwGsYad9&amp;_nc_oc=AdlsKpiDh3UAZwEAwi5zP2Zl5GqDSagfdhPdrArDUEVz5_ThGgfOo12p1sw68q5QDwaQ9s91lUbi3Ltr5knJbahb&amp;_nc_zt=23&amp;_nc_ht=scontent-cdg4-3.xx&amp;_nc_gid=PHgNmGsSXnUd61QfZ14FNg&amp;oh=00_AfgqDbfib96KzHPQpzm3gvh_EL8f8YMkBtUoTIgILQ35og&amp;oe=6920922C\" alt=\"Peut \u00eatre une image de texte qui dit \u2019Votre comit\u00e9 organise OISE U COMITE FFK FORMATION JURY DES GRADES 13h30 15h00 Grades Formation Jurys des du 1er au 4\u00e8me DAN Il faut \u00eatre minimum 2\u00e8me DAN STAGE CANDIDATS AUX GRADES 15h00 17h30 Stage pour es candidats aux grades du 1er au 4\u00e8me DAN toutes disciplines Samedi 29 novembre 2025 Gymnase Albert Robida 1 Rue Rouget de Lisle 60200 Compi\u00e8gne Ville de Compi\u00e8gne\u2019\" \/><\/p>\n","protected":false},"excerpt":{"rendered":"<p>A noter dans vos agendas &#8230; pour \u00e9voluer dans la pratique de votre sport &#8230; Venez vous former pour devenir membre du Jury des passages de grades<\/p>\n","protected":false},"author":3,"featured_media":12930,"comment_status":"closed","ping_status":"closed","sticky":false,"template":"","format":"standard","meta":[],"categories":[7],"tags":[51],"_links":{"self":[{"href":"https:\/\/artsmartiauxcompiegnois.fr\/index.php?rest_route=\/wp\/v2\/posts\/12932"}],"collection":[{"href":"https:\/\/artsmartiauxcompiegnois.fr\/index.php?rest_route=\/wp\/v2\/posts"}],"about":[{"href":"https:\/\/artsmartiauxcompiegnois.fr\/index.php?rest_route=\/wp\/v2\/types\/post"}],"author":[{"embeddable":true,"href":"https:\/\/artsmartiauxcompiegnois.fr\/index.php?rest_route=\/wp\/v2\/users\/3"}],"replies":[{"embeddable":true,"href":"https:\/\/artsmartiauxcompiegnois.fr\/index.php?rest_route=%2Fwp%2Fv2%2Fcomments&post=12932"}],"version-history":[{"count":1,"href":"https:\/\/artsmartiauxcompiegnois.fr\/index.php?rest_route=\/wp\/v2\/posts\/12932\/revisions"}],"predecessor-version":[{"id":12933,"href":"https:\/\/artsmartiauxcompiegnois.fr\/index.php?rest_route=\/wp\/v2\/posts\/12932\/revisions\/12933"}],"wp:featuredmedia":[{"embeddable":true,"href":"https:\/\/artsmartiauxcompiegnois.fr\/index.php?rest_route=\/wp\/v2\/media\/12930"}],"wp:attachment":[{"href":"https:\/\/artsmartiauxcompiegnois.fr\/index.php?rest_route=%2Fwp%2Fv2%2Fmedia&parent=12932"}],"wp:term":[{"taxonomy":"category","embeddable":true,"href":"https:\/\/artsmartiauxcompiegnois.fr\/index.php?rest_route=%2Fwp%2Fv2%2Fcategories&post=12932"},{"taxonomy":"post_tag","embeddable":true,"href":"https:\/\/artsmartiauxcompiegnois.fr\/index.php?rest_route=%2Fwp%2Fv2%2Ftags&post=12932"}],"curies":[{"name":"wp","href":"https:\/\/api.w.org\/{rel}","templated":true}]}}