{"id":12958,"date":"2025-12-16T12:54:48","date_gmt":"2025-12-16T10:54:48","guid":{"rendered":"https:\/\/artsmartiauxcompiegnois.fr\/?p=12958"},"modified":"2025-12-16T13:22:59","modified_gmt":"2025-12-16T11:22:59","slug":"fermeture-des-activites-durant-les-vacances-de-noel-2025","status":"publish","type":"post","link":"https:\/\/artsmartiauxcompiegnois.fr\/?p=12958","title":{"rendered":"Fermeture des activit\u00e9s durant les vacances de No\u00ebl 2025"},"content":{"rendered":"<h1 style=\"text-align: center;\"><span style=\"color: #ff0000;\">Le Club des Arts Martiaux, son Comit\u00e9 Directeur, les encadrants et assistants, nos b\u00e9n\u00e9voles,\u00a0 vont prendre prendre leurs vacances de fin d&rsquo;ann\u00e9e, durant les vacances scolaires de fin d&rsquo;ann\u00e9e.<\/span><\/h1>\n<p>&nbsp;<\/p>\n<h1 style=\"text-align: justify;\">N&rsquo;oublions pas que toutes ces personnes, viennent partager avec vous, en tant que b\u00e9n\u00e9vole, leur passion du sport, leur excellence dans leurs disciplines respectives.<\/h1>\n<h1 style=\"text-align: justify;\">Accordons leur, des vacances en famille.<\/h1>\n<p>&nbsp;<\/p>\n<h1 style=\"text-align: center;\"><span style=\"color: #ff0000;\"><em><strong>Nous vous souhaitons de belles f\u00eates de fin d&rsquo;ann\u00e9e, en famille<\/strong><\/em><\/span><\/h1>\n","protected":false},"excerpt":{"rendered":"<p>Le Club des Arts Martiaux, son Comit\u00e9 Directeur, les encadrants et assistants, nos b\u00e9n\u00e9voles,\u00a0 vont prendre prendre leurs vacances de fin d&rsquo;ann\u00e9e, durant les vacances scolaires de fin d&rsquo;ann\u00e9e. &nbsp; N&rsquo;oublions pas que toutes ces personnes, viennent partager avec vous, en tant que b\u00e9n\u00e9vole, leur passion du sport, leur excellence dans leurs disciplines respectives. Accordons [&hellip;]<\/p>\n","protected":false},"author":3,"featured_media":9554,"comment_status":"closed","ping_status":"closed","sticky":false,"template":"","format":"standard","meta":[],"categories":[7],"tags":[51],"_links":{"self":[{"href":"https:\/\/artsmartiauxcompiegnois.fr\/index.php?rest_route=\/wp\/v2\/posts\/12958"}],"collection":[{"href":"https:\/\/artsmartiauxcompiegnois.fr\/index.php?rest_route=\/wp\/v2\/posts"}],"about":[{"href":"https:\/\/artsmartiauxcompiegnois.fr\/index.php?rest_route=\/wp\/v2\/types\/post"}],"author":[{"embeddable":true,"href":"https:\/\/artsmartiauxcompiegnois.fr\/index.php?rest_route=\/wp\/v2\/users\/3"}],"replies":[{"embeddable":true,"href":"https:\/\/artsmartiauxcompiegnois.fr\/index.php?rest_route=%2Fwp%2Fv2%2Fcomments&post=12958"}],"version-history":[{"count":3,"href":"https:\/\/artsmartiauxcompiegnois.fr\/index.php?rest_route=\/wp\/v2\/posts\/12958\/revisions"}],"predecessor-version":[{"id":12961,"href":"https:\/\/artsmartiauxcompiegnois.fr\/index.php?rest_route=\/wp\/v2\/posts\/12958\/revisions\/12961"}],"wp:featuredmedia":[{"embeddable":true,"href":"https:\/\/artsmartiauxcompiegnois.fr\/index.php?rest_route=\/wp\/v2\/media\/9554"}],"wp:attachment":[{"href":"https:\/\/artsmartiauxcompiegnois.fr\/index.php?rest_route=%2Fwp%2Fv2%2Fmedia&parent=12958"}],"wp:term":[{"taxonomy":"category","embeddable":true,"href":"https:\/\/artsmartiauxcompiegnois.fr\/index.php?rest_route=%2Fwp%2Fv2%2Fcategories&post=12958"},{"taxonomy":"post_tag","embeddable":true,"href":"https:\/\/artsmartiauxcompiegnois.fr\/index.php?rest_route=%2Fwp%2Fv2%2Ftags&post=12958"}],"curies":[{"name":"wp","href":"https:\/\/api.w.org\/{rel}","templated":true}]}}