{"id":13486,"date":"2026-08-31T13:29:02","date_gmt":"2026-08-31T11:29:02","guid":{"rendered":"https:\/\/artsmartiauxcompiegnois.fr\/?p=13486"},"modified":"2026-08-31T17:59:55","modified_gmt":"2026-08-31T15:59:55","slug":"seances-dessai-du-02-au-05-sept-2026","status":"publish","type":"post","link":"https:\/\/artsmartiauxcompiegnois.fr\/?p=13486","title":{"rendered":"S\u00e9ances d&rsquo;essai du 01 au 05 sept 2026"},"content":{"rendered":"<h1 style=\"text-align: center;\">Attention<\/h1>\n<h3 style=\"text-align: center;\"><strong><span style=\"color: #ff0000;\">Les s\u00e9ances d&rsquo;essai de nos disciplines sont exclusivement ouvertes du 01 au 05 septembre 2026.<\/span><\/strong><\/h3>\n<p style=\"text-align: center;\">Vous voudrez bien vous pr\u00e9senter au secr\u00e9tariat pour vous y inscrire.<\/p>\n<p>&nbsp;<\/p>\n<p style=\"text-align: center;\"><span style=\"color: #000000;\"><strong>Pass\u00e9 cette p\u00e9riode, il n&rsquo;y aura plus de s\u00e9ance d&rsquo;essau. En effet, les cours reprennent d\u00e8s le 07 septembre 2026\u00a0<\/strong><\/span><\/p>\n<p style=\"text-align: center;\"><img src=\"https:\/\/scontent-cdg4-1.xx.fbcdn.net\/v\/t39.99422-6\/789506011_2026748925381640_404885075779344509_n.png?stp=dst-jpg_tt6&amp;cstp=mx1054x1492&amp;ctp=s1054x1492&amp;_nc_cat=102&amp;ccb=1-7&amp;_nc_sid=833d8c&amp;_nc_ohc=WnoYqBMkWywQ7kNvwE71yTu&amp;_nc_oc=AdrbNkyySS58Zqw7s9iyMmG7NWjEX358JsmWdt5yN3EJmfxD8csO2nw6eLFaCecuxWipdmJzM-nskf9DNxnEV-Gl&amp;_nc_zt=14&amp;_nc_ht=scontent-cdg4-1.xx&amp;_nc_gid=Gp7WWLBQ4205RWM2Oq9Qqw&amp;_nc_ss=7a2a8&amp;oh=00_AQLbEbJFYv8q_OmB-B4FVVrIBROhidvXfXVCrLnYwN5rLw&amp;oe=6A9B8CD0\" alt=\"Peut \u00eatre une image de texte qui dit \u2019JUDU CEFENSE ARTS ARTS MARTIAUX AMCN CONTACT KARATE COMPI\u00c9GNOIS MINA yM\u04183A LUTTE RAPPEL \u00c0 VOS AGENDAS! DU \u9928 AU SAMEDI5 5 SEPTEMBRE MARDI 1ER SEPTEMBRE OO PORTES OUVERTES DE 17H30 A 21H S\u00c9ANCES D'ESSAI TOUTES DISCIPLINES Venez d\u00e9couvrir nos installations et \u00e9changez avec nos encadrants confirm\u00e9s, grad\u00e9s et dipl\u00f4m\u00e9s! VENEZ PARTAGER NOTRE PASSION! RESPECT DISCIPLINE PARTAGE PROGRESSION PASSION\u2019\" \/><img loading=\"lazy\" class=\" wp-image-13487 aligncenter\" src=\"http:\/\/artsmartiauxcompiegnois.fr\/wp-content\/uploads\/2026\/08\/seance-essai-2026-2027-212x300.jpg\" alt=\"\" width=\"385\" height=\"545\" srcset=\"https:\/\/artsmartiauxcompiegnois.fr\/wp-content\/uploads\/2026\/08\/seance-essai-2026-2027-212x300.jpg 212w, https:\/\/artsmartiauxcompiegnois.fr\/wp-content\/uploads\/2026\/08\/seance-essai-2026-2027-723x1024.jpg 723w, https:\/\/artsmartiauxcompiegnois.fr\/wp-content\/uploads\/2026\/08\/seance-essai-2026-2027-768x1087.jpg 768w, https:\/\/artsmartiauxcompiegnois.fr\/wp-content\/uploads\/2026\/08\/seance-essai-2026-2027-126x178.jpg 126w, https:\/\/artsmartiauxcompiegnois.fr\/wp-content\/uploads\/2026\/08\/seance-essai-2026-2027.jpg 1054w\" sizes=\"(max-width: 385px) 100vw, 385px\" \/><\/p>\n","protected":false},"excerpt":{"rendered":"<p>Attention Les s\u00e9ances d&rsquo;essai de nos disciplines sont exclusivement ouvertes du 01 au 05 septembre 2026. Vous voudrez bien vous pr\u00e9senter au secr\u00e9tariat pour vous y inscrire. &nbsp; Pass\u00e9 cette p\u00e9riode, il n&rsquo;y aura plus de s\u00e9ance d&rsquo;essau. En effet, les cours reprennent d\u00e8s le 07 septembre 2026\u00a0<\/p>\n","protected":false},"author":3,"featured_media":0,"comment_status":"closed","ping_status":"closed","sticky":false,"template":"","format":"standard","meta":[],"categories":[7],"tags":[447],"_links":{"self":[{"href":"https:\/\/artsmartiauxcompiegnois.fr\/index.php?rest_route=\/wp\/v2\/posts\/13486"}],"collection":[{"href":"https:\/\/artsmartiauxcompiegnois.fr\/index.php?rest_route=\/wp\/v2\/posts"}],"about":[{"href":"https:\/\/artsmartiauxcompiegnois.fr\/index.php?rest_route=\/wp\/v2\/types\/post"}],"author":[{"embeddable":true,"href":"https:\/\/artsmartiauxcompiegnois.fr\/index.php?rest_route=\/wp\/v2\/users\/3"}],"replies":[{"embeddable":true,"href":"https:\/\/artsmartiauxcompiegnois.fr\/index.php?rest_route=%2Fwp%2Fv2%2Fcomments&post=13486"}],"version-history":[{"count":8,"href":"https:\/\/artsmartiauxcompiegnois.fr\/index.php?rest_route=\/wp\/v2\/posts\/13486\/revisions"}],"predecessor-version":[{"id":13498,"href":"https:\/\/artsmartiauxcompiegnois.fr\/index.php?rest_route=\/wp\/v2\/posts\/13486\/revisions\/13498"}],"wp:attachment":[{"href":"https:\/\/artsmartiauxcompiegnois.fr\/index.php?rest_route=%2Fwp%2Fv2%2Fmedia&parent=13486"}],"wp:term":[{"taxonomy":"category","embeddable":true,"href":"https:\/\/artsmartiauxcompiegnois.fr\/index.php?rest_route=%2Fwp%2Fv2%2Fcategories&post=13486"},{"taxonomy":"post_tag","embeddable":true,"href":"https:\/\/artsmartiauxcompiegnois.fr\/index.php?rest_route=%2Fwp%2Fv2%2Ftags&post=13486"}],"curies":[{"name":"wp","href":"https:\/\/api.w.org\/{rel}","templated":true}]}}