{"id":2,"date":"2010-02-26T14:01:30","date_gmt":"2010-02-26T13:01:30","guid":{"rendered":"http:\/\/localhost\/judo\/?p=2"},"modified":"2010-02-26T14:01:30","modified_gmt":"2010-02-26T13:01:30","slug":"accueil-amc","status":"publish","type":"post","link":"https:\/\/artsmartiauxcompiegnois.fr\/?p=2","title":{"rendered":"Arts Martiaux Compi\u00e9gnois &#8211; Bienvenue"},"content":{"rendered":"<p><span style=\"font-size: large;\">Vacances d&rsquo;\u00e9t\u00e9<\/span><\/p>\n<p><span style=\"font-size: small;\">\u00a0<\/span><\/p>\n<p><span style=\"font-size: small;\">Les activit\u00e9s des diff\u00e9rentes sections s&rsquo;arr\u00eatent le 29 juin. Elles reprendront \u00e0 partir du 3 septembre.<\/span><\/p>\n<p><span style=\"font-size: medium;\"><span style=\"font-size: small;\">\u00a0<\/span><\/span><\/p>\n<p><span style=\"font-size: small;\">Durant cette semaine, des journ\u00e9es &lsquo;portes ouvertes&rsquo; permettront de d\u00e9couvrir les installations et de faire un essai dans la ou les disciplines de votre choix.<\/span><\/p>\n<p><span style=\"font-size: medium;\"><span style=\"font-size: small;\">\u00a0<\/span><\/span><\/p>\n<p><span style=\"font-size: small;\">Le secr\u00e9tariat sera ouvert \u00e0 partir du\u00a020 ao\u00fbt de 14 \u00e0 20 heures.<\/span><\/p>\n<p><span style=\"font-size: medium;\"><span style=\"font-size: small;\">\u00a0<\/span><\/span><\/p>\n<p><span style=\"font-size: medium;\"><span style=\"font-size: small;\">Afin de gagner du temps, vous pouvez t\u00e9l\u00e9charger <a href=\"images\/stories\/inscriptions_amc_2012_2013.pdf\">ici<\/a> le formulaire d&rsquo;inscription.<\/span><\/span><\/p>\n<p><span style=\"font-size: medium;\">\u00a0<\/span><\/p>\n<p><span style=\"font-size: large;\"><span style=\"font-size: small;\">Bonnes vacances \u00e0 tous et \u00e0 toutes. Faites le plein d&rsquo;\u00e9nergie afin d&rsquo;attaquer la nouvelle saison dans les meilleures conditions.<\/span><\/span><\/p>\n<p>\u00a0<\/p>\n<p>\u00a0<\/p>\n<hr width=\"500\" size=\"3\" style=\"width: 500px; height: 3px;\" \/>\n<p>\u00a0<\/p>\n<p>\u00a0<\/p>\n<p><span style=\"color: #003366;\"><span style=\"font-size: medium;\">Les Arts Martiaux Compi\u00e9gnois, votre club de sports de combat \u00e0 <strong>Compi\u00e8gne<\/strong>.<\/span><\/span><\/p>\n<p>\u00a0<\/p>\n<p>Cr\u00e9\u00e9 en mars 1968, le Club des Arts Martiaux Compi\u00e8gnois offre, avec un savoir-faire reconnu, des <span class=\"caption\">cours de :<\/span><\/p>\n<blockquote>\n<ul>\n<li class=\"caption\" style=\"text-align: left;\">Judo, <\/li>\n<li class=\"caption\" style=\"text-align: left;\">Tai-Jitsu,<\/li>\n<li class=\"caption\" style=\"text-align: left;\">Karat\u00e9, <\/li>\n<li class=\"caption\" style=\"text-align: left;\">Full-Contact,<\/li>\n<li class=\"caption\" style=\"text-align: left;\">musculation.<\/li>\n<\/ul>\n<\/blockquote>\n<p>Ces cours sont adapt\u00e9s \u00e0 tout type de pratiquants :<\/p>\n<blockquote>\n<ul>\n<li>les enfants (dont baby-club : 3 ans 1\/2 &#8211; 5 ans),<\/li>\n<li>les adolescents,<\/li>\n<li>les adultes : hommes et femmes,<\/li>\n<\/ul>\n<\/blockquote>\n<p>\u00e0 tous les niveaux :<\/p>\n<blockquote>\n<ul>\n<li>initiation, <\/li>\n<li>loisir,<\/li>\n<li>perfectionnement, <\/li>\n<li>comp\u00e9tition,<\/li>\n<\/ul>\n<\/blockquote>\n<p>et sont dispens\u00e9s dans des conditions exceptionnelles :<\/p>\n<blockquote>\n<ul>\n<li>un Dojo de 400 m2, <\/li>\n<li>une salle d\u00e9di\u00e9e aux Arts Martiaux de 800 m2 avec 4 surfaces de combats disponibles pour les nombreux stages et animations pratiqu\u00e9s toute l\u2019ann\u00e9e,<\/li>\n<li>une salle de musculation de 260 m2,<\/li>\n<li>des vestiaires priv\u00e9s et un sauna.<\/li>\n<\/ul>\n<\/blockquote>\n<p>L\u2019enseignement et l\u2019encadrement sont assur\u00e9s par des professeurs confirm\u00e9s et d\u00e9tenteurs de dipl\u00f4mes d\u2019\u00c9tat.<\/p>\n<p>Respectueux des traditions, du code moral, de l\u2019esprit maison o\u00f9 il est du devoir des anciens d\u2019initier, de transmettre leurs connaissances et d\u2019aider les plus jeunes, le club a toujours particip\u00e9 \u00e0 toutes les comp\u00e9titions d\u00e9partementales, r\u00e9gionales, inter-r\u00e9gionales, nationales et internationales.<\/p>\n<p>Les plus grands ma\u00eetres et experts sont pass\u00e9s aux Arts Martiaux Compi\u00e8gnois pour y transmettre leur savoir.<\/p>\n<p>N\u2019h\u00e9sitez pas \u00e0 nous rendre visite !<\/p>\n<p>\u00a0<\/p>\n<p><img src=\"images\/stories\/AMC-accueil.jpg\" border=\"0\" \/><\/p>\n","protected":false},"excerpt":{"rendered":"<p>Vacances d&rsquo;\u00e9t\u00e9 \u00a0 Les activit\u00e9s des diff\u00e9rentes sections s&rsquo;arr\u00eatent le 29 juin. Elles reprendront \u00e0 partir du 3 septembre. \u00a0 Durant cette semaine, des journ\u00e9es &lsquo;portes ouvertes&rsquo; permettront de d\u00e9couvrir les installations et de faire un essai dans la ou les disciplines de votre choix. \u00a0 Le secr\u00e9tariat sera ouvert \u00e0 partir du\u00a020 ao\u00fbt de [&hellip;]<\/p>\n","protected":false},"author":1,"featured_media":0,"comment_status":"open","ping_status":"open","sticky":false,"template":"","format":"standard","meta":[],"categories":[1],"tags":[52,51,53,61,62,58,57,179,54,55,56,63,64,60,59],"_links":{"self":[{"href":"https:\/\/artsmartiauxcompiegnois.fr\/index.php?rest_route=\/wp\/v2\/posts\/2"}],"collection":[{"href":"https:\/\/artsmartiauxcompiegnois.fr\/index.php?rest_route=\/wp\/v2\/posts"}],"about":[{"href":"https:\/\/artsmartiauxcompiegnois.fr\/index.php?rest_route=\/wp\/v2\/types\/post"}],"author":[{"embeddable":true,"href":"https:\/\/artsmartiauxcompiegnois.fr\/index.php?rest_route=\/wp\/v2\/users\/1"}],"replies":[{"embeddable":true,"href":"https:\/\/artsmartiauxcompiegnois.fr\/index.php?rest_route=%2Fwp%2Fv2%2Fcomments&post=2"}],"version-history":[{"count":0,"href":"https:\/\/artsmartiauxcompiegnois.fr\/index.php?rest_route=\/wp\/v2\/posts\/2\/revisions"}],"wp:attachment":[{"href":"https:\/\/artsmartiauxcompiegnois.fr\/index.php?rest_route=%2Fwp%2Fv2%2Fmedia&parent=2"}],"wp:term":[{"taxonomy":"category","embeddable":true,"href":"https:\/\/artsmartiauxcompiegnois.fr\/index.php?rest_route=%2Fwp%2Fv2%2Fcategories&post=2"},{"taxonomy":"post_tag","embeddable":true,"href":"https:\/\/artsmartiauxcompiegnois.fr\/index.php?rest_route=%2Fwp%2Fv2%2Ftags&post=2"}],"curies":[{"name":"wp","href":"https:\/\/api.w.org\/{rel}","templated":true}]}}