{"id":3876,"date":"2017-05-21T10:29:26","date_gmt":"2017-05-21T08:29:26","guid":{"rendered":"http:\/\/artsmartiauxcompiegnois.fr\/?p=3876"},"modified":"2018-01-09T16:53:39","modified_gmt":"2018-01-09T14:53:39","slug":"assemblee-generale-elective-du-club-amc","status":"publish","type":"post","link":"https:\/\/artsmartiauxcompiegnois.fr\/?p=3876","title":{"rendered":"ASSEMBL\u00c9E G\u00c9N\u00c9RALE \u00c9LECTIVE DU CLUB AMC"},"content":{"rendered":"<p style=\"text-align: center;\"><em><strong>Ce vendredi 10 f\u00e9vrier 2017 s\u2019est d\u00e9roul\u00e9e l\u2019Assembl\u00e9e G\u00e9n\u00e9rale \u00c9lective du club des Arts Martiaux Compi\u00e9gnois en pr\u00e9sence de :<\/strong><\/em><br \/>\n<em> <strong>Christian TELLIER, D\u00e9l\u00e9gu\u00e9 \u00e0 la jeunesse, aux sports, aux \u00e9quipements sportifs<\/strong><\/em><br \/>\n<em> <strong>\u00c9ric DE VALROGER 2\u00e8me adjoint Charg\u00e9 des affaires culturelles, Vice-pr\u00e9sident de l\u2019ARC, Vice-pr\u00e9sident du conseil d\u00e9partemental.<\/strong><\/em><br \/>\n<em> <strong>JEAN-LUC DERESMES, repr\u00e9sentant de l\u2019OSARC<\/strong><\/em><br \/>\n<em> <strong>Le Comit\u00e9 Directeur sortant a \u00e9t\u00e9 r\u00e9\u00e9lu \u00e0 la majorit\u00e9 absolue pour une nouvelle Olympiade. F\u00e9licitations \u00e0 tous les membres du CD. Je tiens \u00e0 remercier les \u00c9lus pr\u00e9sents pour leur soutien et leur encouragement, merci aux encadrants du club pour leur d\u00e9vouement, un grand merci aux parents, aux adh\u00e9rents du club de leur pr\u00e9sence et un grand merci \u00e0 notre S\u00e9nateur-Maire Philippe MARINI pour son soutien ind\u00e9fectible \u00e0 notre club.<\/strong><\/em><br \/>\n<em> <strong>Tr\u00e8s fier de notre club qui monte, qui se construit et qui continuera \u00e0 se d\u00e9velopper davantage.<\/strong><\/em><br \/>\n<em> <strong>VIVE LE CLUB DES ARTS MARTIAUX COMPI\u00c9GNOIS!!!<\/strong><\/em><\/p>\n<p style=\"text-align: center;\"><strong>Nouveau Comit\u00e9 Directeur :<\/strong><\/p>\n<p class=\"x_MsoNormal\" style=\"text-align: center;\">Monsieur BAHMED Akim, Pr\u00e9sident et responsable de la communication<\/p>\n<p class=\"x_MsoNormal\" style=\"text-align: center;\">Madame HABBA Amel, \u00a0Secr\u00e9taire G\u00e9n\u00e9ral<\/p>\n<p class=\"x_MsoNormal\" style=\"text-align: center;\">Monsieur CAPUANO, Salvatore, Tr\u00e9sorier<\/p>\n<p class=\"x_MsoNormal\" style=\"text-align: center;\">Monsieur BELADI Benjamin, Vice-Pr\u00e9sident<\/p>\n<p class=\"x_MsoNormal\" style=\"text-align: center;\">Monsieur LAFTIH SAID, Vice-Pr\u00e9sident adjoint<\/p>\n<p class=\"x_MsoNormal\" style=\"text-align: center;\">Madame GAYDU Carole, Secr\u00e9taire G\u00e9n\u00e9rale adjoint<\/p>\n<p class=\"x_MsoNormal\" style=\"text-align: center;\">Monsieur CAPUANO Salvatore,<\/p>\n<p class=\"x_MsoNormal\" style=\"text-align: center;\">Monsieur GUERIN David, Repr\u00e9sentant du club \u00e0 l\u2019OSARC<\/p>\n<p class=\"x_MsoNormal\" style=\"text-align: center;\">Monsieur STANKOVIC,<\/p>\n<p class=\"x_MsoNormal\" style=\"text-align: center;\">Monsieur MOTSEBO Sylvain<\/p>\n<p class=\"x_MsoNormal\" style=\"text-align: center;\"><b><u>Constitution du bureau\u00a0:<\/u><\/b><\/p>\n<p class=\"x_MsoNormal\" style=\"text-align: center;\">Le bureau est constitu\u00e9 des membres suivants\u00a0:<\/p>\n<p class=\"x_MsoNormal\" style=\"text-align: center;\">Monsieur BAHMED Akim, Pr\u00e9sident et responsable de la communication<\/p>\n<p class=\"x_MsoNormal\" style=\"text-align: center;\">Madame HABBA Amel Secr\u00e9taire G\u00e9n\u00e9ral<\/p>\n<p class=\"x_MsoNormal\" style=\"text-align: center;\">Monsieur PLEUTIN Fr\u00e9d\u00e9ric, Tr\u00e9sorier adjoint<\/p>\n<p class=\"x_MsoNormal\" style=\"text-align: center;\">Monsieur BELADI Benjamin, Vice-Pr\u00e9sident<\/p>\n<p class=\"x_MsoNormal\" style=\"text-align: center;\">En cas d\u2019absence de l\u2019un des membres du bureau, celui-ci sera remplac\u00e9 par son adjoint.<\/p>\n<p>&nbsp;<\/p>\n<p><a href=\"http:\/\/artsmartiauxcompiegnois.fr\/wp-content\/uploads\/2017\/05\/16729059_1645138079116515_7695302355325381509_n.jpg\"><img loading=\"lazy\" class=\"alignnone size-full wp-image-3881\" src=\"http:\/\/artsmartiauxcompiegnois.fr\/wp-content\/uploads\/2017\/05\/16729059_1645138079116515_7695302355325381509_n.jpg\" alt=\"\" width=\"960\" height=\"720\" srcset=\"https:\/\/artsmartiauxcompiegnois.fr\/wp-content\/uploads\/2017\/05\/16729059_1645138079116515_7695302355325381509_n.jpg 960w, https:\/\/artsmartiauxcompiegnois.fr\/wp-content\/uploads\/2017\/05\/16729059_1645138079116515_7695302355325381509_n-300x225.jpg 300w, https:\/\/artsmartiauxcompiegnois.fr\/wp-content\/uploads\/2017\/05\/16729059_1645138079116515_7695302355325381509_n-768x576.jpg 768w, https:\/\/artsmartiauxcompiegnois.fr\/wp-content\/uploads\/2017\/05\/16729059_1645138079116515_7695302355325381509_n-178x134.jpg 178w\" sizes=\"(max-width: 960px) 100vw, 960px\" \/><\/a> <a href=\"http:\/\/artsmartiauxcompiegnois.fr\/wp-content\/uploads\/2017\/05\/16708537_1645138525783137_8519941469887457972_n.jpg\"><img loading=\"lazy\" class=\"alignnone size-full wp-image-3880\" src=\"http:\/\/artsmartiauxcompiegnois.fr\/wp-content\/uploads\/2017\/05\/16708537_1645138525783137_8519941469887457972_n.jpg\" alt=\"\" width=\"960\" height=\"720\" srcset=\"https:\/\/artsmartiauxcompiegnois.fr\/wp-content\/uploads\/2017\/05\/16708537_1645138525783137_8519941469887457972_n.jpg 960w, https:\/\/artsmartiauxcompiegnois.fr\/wp-content\/uploads\/2017\/05\/16708537_1645138525783137_8519941469887457972_n-300x225.jpg 300w, https:\/\/artsmartiauxcompiegnois.fr\/wp-content\/uploads\/2017\/05\/16708537_1645138525783137_8519941469887457972_n-768x576.jpg 768w, https:\/\/artsmartiauxcompiegnois.fr\/wp-content\/uploads\/2017\/05\/16708537_1645138525783137_8519941469887457972_n-178x134.jpg 178w\" sizes=\"(max-width: 960px) 100vw, 960px\" \/><\/a> <a href=\"http:\/\/artsmartiauxcompiegnois.fr\/wp-content\/uploads\/2017\/05\/16708184_1645138225783167_1696126587284152825_n.jpg\"><img loading=\"lazy\" class=\"alignnone size-full wp-image-3879\" src=\"http:\/\/artsmartiauxcompiegnois.fr\/wp-content\/uploads\/2017\/05\/16708184_1645138225783167_1696126587284152825_n.jpg\" alt=\"\" width=\"960\" height=\"720\" srcset=\"https:\/\/artsmartiauxcompiegnois.fr\/wp-content\/uploads\/2017\/05\/16708184_1645138225783167_1696126587284152825_n.jpg 960w, https:\/\/artsmartiauxcompiegnois.fr\/wp-content\/uploads\/2017\/05\/16708184_1645138225783167_1696126587284152825_n-300x225.jpg 300w, https:\/\/artsmartiauxcompiegnois.fr\/wp-content\/uploads\/2017\/05\/16708184_1645138225783167_1696126587284152825_n-768x576.jpg 768w, https:\/\/artsmartiauxcompiegnois.fr\/wp-content\/uploads\/2017\/05\/16708184_1645138225783167_1696126587284152825_n-178x134.jpg 178w\" sizes=\"(max-width: 960px) 100vw, 960px\" \/><\/a> <a href=\"http:\/\/artsmartiauxcompiegnois.fr\/wp-content\/uploads\/2017\/05\/16508763_1645138639116459_8377074786893826305_n.jpg\"><img loading=\"lazy\" class=\"alignnone size-full wp-image-3878\" src=\"http:\/\/artsmartiauxcompiegnois.fr\/wp-content\/uploads\/2017\/05\/16508763_1645138639116459_8377074786893826305_n.jpg\" alt=\"\" width=\"960\" height=\"720\" srcset=\"https:\/\/artsmartiauxcompiegnois.fr\/wp-content\/uploads\/2017\/05\/16508763_1645138639116459_8377074786893826305_n.jpg 960w, https:\/\/artsmartiauxcompiegnois.fr\/wp-content\/uploads\/2017\/05\/16508763_1645138639116459_8377074786893826305_n-300x225.jpg 300w, https:\/\/artsmartiauxcompiegnois.fr\/wp-content\/uploads\/2017\/05\/16508763_1645138639116459_8377074786893826305_n-768x576.jpg 768w, https:\/\/artsmartiauxcompiegnois.fr\/wp-content\/uploads\/2017\/05\/16508763_1645138639116459_8377074786893826305_n-178x134.jpg 178w\" sizes=\"(max-width: 960px) 100vw, 960px\" \/><\/a><\/p>\n","protected":false},"excerpt":{"rendered":"<p>Ce vendredi 10 f\u00e9vrier 2017 s\u2019est d\u00e9roul\u00e9e l\u2019Assembl\u00e9e G\u00e9n\u00e9rale \u00c9lective du club des Arts Martiaux Compi\u00e9gnois en pr\u00e9sence de : Christian TELLIER, D\u00e9l\u00e9gu\u00e9 \u00e0 la jeunesse, aux sports, aux \u00e9quipements sportifs \u00c9ric DE VALROGER 2\u00e8me adjoint Charg\u00e9 des affaires culturelles, Vice-pr\u00e9sident de l\u2019ARC, Vice-pr\u00e9sident du conseil d\u00e9partemental. JEAN-LUC DERESMES, repr\u00e9sentant de l\u2019OSARC Le Comit\u00e9 Directeur [&hellip;]<\/p>\n","protected":false},"author":1,"featured_media":3877,"comment_status":"open","ping_status":"open","sticky":false,"template":"","format":"standard","meta":[],"categories":[19,7,35],"tags":[51,197,53],"_links":{"self":[{"href":"https:\/\/artsmartiauxcompiegnois.fr\/index.php?rest_route=\/wp\/v2\/posts\/3876"}],"collection":[{"href":"https:\/\/artsmartiauxcompiegnois.fr\/index.php?rest_route=\/wp\/v2\/posts"}],"about":[{"href":"https:\/\/artsmartiauxcompiegnois.fr\/index.php?rest_route=\/wp\/v2\/types\/post"}],"author":[{"embeddable":true,"href":"https:\/\/artsmartiauxcompiegnois.fr\/index.php?rest_route=\/wp\/v2\/users\/1"}],"replies":[{"embeddable":true,"href":"https:\/\/artsmartiauxcompiegnois.fr\/index.php?rest_route=%2Fwp%2Fv2%2Fcomments&post=3876"}],"version-history":[{"count":6,"href":"https:\/\/artsmartiauxcompiegnois.fr\/index.php?rest_route=\/wp\/v2\/posts\/3876\/revisions"}],"predecessor-version":[{"id":4508,"href":"https:\/\/artsmartiauxcompiegnois.fr\/index.php?rest_route=\/wp\/v2\/posts\/3876\/revisions\/4508"}],"wp:featuredmedia":[{"embeddable":true,"href":"https:\/\/artsmartiauxcompiegnois.fr\/index.php?rest_route=\/wp\/v2\/media\/3877"}],"wp:attachment":[{"href":"https:\/\/artsmartiauxcompiegnois.fr\/index.php?rest_route=%2Fwp%2Fv2%2Fmedia&parent=3876"}],"wp:term":[{"taxonomy":"category","embeddable":true,"href":"https:\/\/artsmartiauxcompiegnois.fr\/index.php?rest_route=%2Fwp%2Fv2%2Fcategories&post=3876"},{"taxonomy":"post_tag","embeddable":true,"href":"https:\/\/artsmartiauxcompiegnois.fr\/index.php?rest_route=%2Fwp%2Fv2%2Ftags&post=3876"}],"curies":[{"name":"wp","href":"https:\/\/api.w.org\/{rel}","templated":true}]}}