{"id":3911,"date":"2017-05-21T11:01:02","date_gmt":"2017-05-21T09:01:02","guid":{"rendered":"http:\/\/artsmartiauxcompiegnois.fr\/?p=3911"},"modified":"2017-05-21T11:02:16","modified_gmt":"2017-05-21T09:02:16","slug":"stage-karate-training-defense","status":"publish","type":"post","link":"https:\/\/artsmartiauxcompiegnois.fr\/?p=3911","title":{"rendered":"STAGE KARATE TRAINING DEFENSE"},"content":{"rendered":"<p>Merci \u00e0 Bernard BILICKI, 9\u00e8me DAN, Expert F\u00e9d\u00e9ral pour cet excellent stage de Karat\u00e9 Training d\u00e9fense qui s\u2019est d\u00e9roul\u00e9 ce dimanche 26 f\u00e9vrier 2017 au Club des Arts Martiaux Compi\u00e9gnois, Gymnase Robida. Merci au CDOK pour l&rsquo;organisation de ce stage au b\u00e9n\u00e9fice les pratiquants de la self d\u00e9fense et les sports de combats.<\/p>\n<p>&nbsp;<\/p>\n<p><a href=\"http:\/\/artsmartiauxcompiegnois.fr\/wp-content\/uploads\/2017\/05\/16864118_1650931648537158_1495386352481224501_n.jpg\"><img loading=\"lazy\" class=\"alignnone size-full wp-image-3912\" src=\"http:\/\/artsmartiauxcompiegnois.fr\/wp-content\/uploads\/2017\/05\/16864118_1650931648537158_1495386352481224501_n.jpg\" alt=\"\" width=\"960\" height=\"720\" srcset=\"https:\/\/artsmartiauxcompiegnois.fr\/wp-content\/uploads\/2017\/05\/16864118_1650931648537158_1495386352481224501_n.jpg 960w, https:\/\/artsmartiauxcompiegnois.fr\/wp-content\/uploads\/2017\/05\/16864118_1650931648537158_1495386352481224501_n-300x225.jpg 300w, https:\/\/artsmartiauxcompiegnois.fr\/wp-content\/uploads\/2017\/05\/16864118_1650931648537158_1495386352481224501_n-768x576.jpg 768w, https:\/\/artsmartiauxcompiegnois.fr\/wp-content\/uploads\/2017\/05\/16864118_1650931648537158_1495386352481224501_n-178x134.jpg 178w\" sizes=\"(max-width: 960px) 100vw, 960px\" \/><\/a> <a href=\"http:\/\/artsmartiauxcompiegnois.fr\/wp-content\/uploads\/2017\/05\/16939580_1650932491870407_2721949331262308280_n.jpg\"><img loading=\"lazy\" class=\"alignnone size-full wp-image-3913\" src=\"http:\/\/artsmartiauxcompiegnois.fr\/wp-content\/uploads\/2017\/05\/16939580_1650932491870407_2721949331262308280_n.jpg\" alt=\"\" width=\"960\" height=\"720\" srcset=\"https:\/\/artsmartiauxcompiegnois.fr\/wp-content\/uploads\/2017\/05\/16939580_1650932491870407_2721949331262308280_n.jpg 960w, https:\/\/artsmartiauxcompiegnois.fr\/wp-content\/uploads\/2017\/05\/16939580_1650932491870407_2721949331262308280_n-300x225.jpg 300w, https:\/\/artsmartiauxcompiegnois.fr\/wp-content\/uploads\/2017\/05\/16939580_1650932491870407_2721949331262308280_n-768x576.jpg 768w, https:\/\/artsmartiauxcompiegnois.fr\/wp-content\/uploads\/2017\/05\/16939580_1650932491870407_2721949331262308280_n-178x134.jpg 178w\" sizes=\"(max-width: 960px) 100vw, 960px\" \/><\/a> <a href=\"http:\/\/artsmartiauxcompiegnois.fr\/wp-content\/uploads\/2017\/05\/16998240_1650932495203740_1807929149512131065_n.jpg\"><img loading=\"lazy\" class=\"alignnone size-full wp-image-3915\" src=\"http:\/\/artsmartiauxcompiegnois.fr\/wp-content\/uploads\/2017\/05\/16998240_1650932495203740_1807929149512131065_n.jpg\" alt=\"\" width=\"960\" height=\"720\" srcset=\"https:\/\/artsmartiauxcompiegnois.fr\/wp-content\/uploads\/2017\/05\/16998240_1650932495203740_1807929149512131065_n.jpg 960w, https:\/\/artsmartiauxcompiegnois.fr\/wp-content\/uploads\/2017\/05\/16998240_1650932495203740_1807929149512131065_n-300x225.jpg 300w, https:\/\/artsmartiauxcompiegnois.fr\/wp-content\/uploads\/2017\/05\/16998240_1650932495203740_1807929149512131065_n-768x576.jpg 768w, https:\/\/artsmartiauxcompiegnois.fr\/wp-content\/uploads\/2017\/05\/16998240_1650932495203740_1807929149512131065_n-178x134.jpg 178w\" sizes=\"(max-width: 960px) 100vw, 960px\" \/><\/a> <a href=\"http:\/\/artsmartiauxcompiegnois.fr\/wp-content\/uploads\/2017\/05\/17021606_1650931641870492_8847908176931962464_n.jpg\"><img loading=\"lazy\" class=\"alignnone size-full wp-image-3916\" src=\"http:\/\/artsmartiauxcompiegnois.fr\/wp-content\/uploads\/2017\/05\/17021606_1650931641870492_8847908176931962464_n.jpg\" alt=\"\" width=\"960\" height=\"720\" srcset=\"https:\/\/artsmartiauxcompiegnois.fr\/wp-content\/uploads\/2017\/05\/17021606_1650931641870492_8847908176931962464_n.jpg 960w, https:\/\/artsmartiauxcompiegnois.fr\/wp-content\/uploads\/2017\/05\/17021606_1650931641870492_8847908176931962464_n-300x225.jpg 300w, https:\/\/artsmartiauxcompiegnois.fr\/wp-content\/uploads\/2017\/05\/17021606_1650931641870492_8847908176931962464_n-768x576.jpg 768w, https:\/\/artsmartiauxcompiegnois.fr\/wp-content\/uploads\/2017\/05\/17021606_1650931641870492_8847908176931962464_n-178x134.jpg 178w\" sizes=\"(max-width: 960px) 100vw, 960px\" \/><\/a><\/p>\n","protected":false},"excerpt":{"rendered":"<p>Merci \u00e0 Bernard BILICKI, 9\u00e8me DAN, Expert F\u00e9d\u00e9ral pour cet excellent stage de Karat\u00e9 Training d\u00e9fense qui s\u2019est d\u00e9roul\u00e9 ce dimanche 26 f\u00e9vrier 2017 au Club des Arts Martiaux Compi\u00e9gnois, Gymnase Robida. Merci au CDOK pour l&rsquo;organisation de ce stage au b\u00e9n\u00e9fice les pratiquants de la self d\u00e9fense et les sports de combats. &nbsp;<\/p>\n","protected":false},"author":1,"featured_media":3914,"comment_status":"open","ping_status":"open","sticky":false,"template":"","format":"standard","meta":[],"categories":[29,4],"tags":[198],"_links":{"self":[{"href":"https:\/\/artsmartiauxcompiegnois.fr\/index.php?rest_route=\/wp\/v2\/posts\/3911"}],"collection":[{"href":"https:\/\/artsmartiauxcompiegnois.fr\/index.php?rest_route=\/wp\/v2\/posts"}],"about":[{"href":"https:\/\/artsmartiauxcompiegnois.fr\/index.php?rest_route=\/wp\/v2\/types\/post"}],"author":[{"embeddable":true,"href":"https:\/\/artsmartiauxcompiegnois.fr\/index.php?rest_route=\/wp\/v2\/users\/1"}],"replies":[{"embeddable":true,"href":"https:\/\/artsmartiauxcompiegnois.fr\/index.php?rest_route=%2Fwp%2Fv2%2Fcomments&post=3911"}],"version-history":[{"count":1,"href":"https:\/\/artsmartiauxcompiegnois.fr\/index.php?rest_route=\/wp\/v2\/posts\/3911\/revisions"}],"predecessor-version":[{"id":3917,"href":"https:\/\/artsmartiauxcompiegnois.fr\/index.php?rest_route=\/wp\/v2\/posts\/3911\/revisions\/3917"}],"wp:featuredmedia":[{"embeddable":true,"href":"https:\/\/artsmartiauxcompiegnois.fr\/index.php?rest_route=\/wp\/v2\/media\/3914"}],"wp:attachment":[{"href":"https:\/\/artsmartiauxcompiegnois.fr\/index.php?rest_route=%2Fwp%2Fv2%2Fmedia&parent=3911"}],"wp:term":[{"taxonomy":"category","embeddable":true,"href":"https:\/\/artsmartiauxcompiegnois.fr\/index.php?rest_route=%2Fwp%2Fv2%2Fcategories&post=3911"},{"taxonomy":"post_tag","embeddable":true,"href":"https:\/\/artsmartiauxcompiegnois.fr\/index.php?rest_route=%2Fwp%2Fv2%2Ftags&post=3911"}],"curies":[{"name":"wp","href":"https:\/\/api.w.org\/{rel}","templated":true}]}}