{"id":4589,"date":"2018-02-02T15:37:49","date_gmt":"2018-02-02T13:37:49","guid":{"rendered":"http:\/\/artsmartiauxcompiegnois.fr\/?p=4589"},"modified":"2018-02-02T15:38:30","modified_gmt":"2018-02-02T13:38:30","slug":"du-karate-sur-france-o-dimanche-4-fevrier-a-18h45","status":"publish","type":"post","link":"https:\/\/artsmartiauxcompiegnois.fr\/?p=4589","title":{"rendered":"Du karat\u00e9 sur France \u00d4 : Dimanche 4 f\u00e9vrier \u00e0 18h45"},"content":{"rendered":"<p>En partenariat avec France T\u00e9l\u00e9visions et le Comit\u00e9 National Olympique et Sportif Fran\u00e7ais, la FFK vous propose un reportage de 52 minutes au c\u0153ur de l\u2019\u00e9quipe de France de Karat\u00e9 lors de l\u2019Open Paris Karat\u00e9 &#8211; Premier League. Ce sujet sera diffus\u00e9 dimanche 4 f\u00e9vrier \u00e0 partir de 18h45 sur France \u00d4, chaine de la TNT disponible gratuitement.<\/p>\n<p>Vous pourrez retrouver dans ce reportage tous les moments forts de la comp\u00e9tition au plus pr\u00e8s des athl\u00e8tes de l\u2019\u00e9quipe de France qui ont r\u00e9alis\u00e9 un Open Paris Karat\u00e9 plein de promesses.<\/p>\n","protected":false},"excerpt":{"rendered":"<p>En partenariat avec France T\u00e9l\u00e9visions et le Comit\u00e9 National Olympique et Sportif Fran\u00e7ais, la FFK vous propose un reportage de 52 minutes au c\u0153ur de l\u2019\u00e9quipe de France de Karat\u00e9 lors de l\u2019Open Paris Karat\u00e9 &#8211; Premier League. Ce sujet sera diffus\u00e9 dimanche 4 f\u00e9vrier \u00e0 partir de 18h45 sur France \u00d4, chaine de la [&hellip;]<\/p>\n","protected":false},"author":1,"featured_media":0,"comment_status":"open","ping_status":"open","sticky":false,"template":"","format":"standard","meta":[],"categories":[4],"tags":[55],"_links":{"self":[{"href":"https:\/\/artsmartiauxcompiegnois.fr\/index.php?rest_route=\/wp\/v2\/posts\/4589"}],"collection":[{"href":"https:\/\/artsmartiauxcompiegnois.fr\/index.php?rest_route=\/wp\/v2\/posts"}],"about":[{"href":"https:\/\/artsmartiauxcompiegnois.fr\/index.php?rest_route=\/wp\/v2\/types\/post"}],"author":[{"embeddable":true,"href":"https:\/\/artsmartiauxcompiegnois.fr\/index.php?rest_route=\/wp\/v2\/users\/1"}],"replies":[{"embeddable":true,"href":"https:\/\/artsmartiauxcompiegnois.fr\/index.php?rest_route=%2Fwp%2Fv2%2Fcomments&post=4589"}],"version-history":[{"count":2,"href":"https:\/\/artsmartiauxcompiegnois.fr\/index.php?rest_route=\/wp\/v2\/posts\/4589\/revisions"}],"predecessor-version":[{"id":4591,"href":"https:\/\/artsmartiauxcompiegnois.fr\/index.php?rest_route=\/wp\/v2\/posts\/4589\/revisions\/4591"}],"wp:attachment":[{"href":"https:\/\/artsmartiauxcompiegnois.fr\/index.php?rest_route=%2Fwp%2Fv2%2Fmedia&parent=4589"}],"wp:term":[{"taxonomy":"category","embeddable":true,"href":"https:\/\/artsmartiauxcompiegnois.fr\/index.php?rest_route=%2Fwp%2Fv2%2Fcategories&post=4589"},{"taxonomy":"post_tag","embeddable":true,"href":"https:\/\/artsmartiauxcompiegnois.fr\/index.php?rest_route=%2Fwp%2Fv2%2Ftags&post=4589"}],"curies":[{"name":"wp","href":"https:\/\/api.w.org\/{rel}","templated":true}]}}