{"id":4592,"date":"2018-02-04T12:10:36","date_gmt":"2018-02-04T10:10:36","guid":{"rendered":"http:\/\/artsmartiauxcompiegnois.fr\/?p=4592"},"modified":"2018-02-04T12:10:36","modified_gmt":"2018-02-04T10:10:36","slug":"isra-2-au-championnat-regional-hdf-de-kata","status":"publish","type":"post","link":"https:\/\/artsmartiauxcompiegnois.fr\/?p=4592","title":{"rendered":"Isra 2\u00b0 au Championnat r\u00e9gional HDF de Kata"},"content":{"rendered":"<p>Bravo Isra !<br \/>\nTon courage,et ta pers\u00e9v\u00e9rence t&rsquo;ont mont\u00e9 \u00e0 la deuxi\u00e8me place du Championnat R\u00e9gional Elite de KATA en HDF !<\/p>\n<p>Te voil\u00e0 s\u00e9lectionn\u00e9e pour le Championnat de France.<\/p>\n<p>Le Club des Arts Martiaux Compi\u00e9gnois te f\u00e9filite et t&rsquo;encourage chaleureusement.<br \/>\n<a href=\"http:\/\/artsmartiauxcompiegnois.fr\/wp-content\/uploads\/2018\/02\/hdf3.jpg\">\u00a0\u00a0<img loading=\"lazy\" class=\"wp-image-4595 alignleft\" src=\"http:\/\/artsmartiauxcompiegnois.fr\/wp-content\/uploads\/2018\/02\/hdf3-300x225.jpg\" alt=\"\" width=\"333\" height=\"250\" srcset=\"https:\/\/artsmartiauxcompiegnois.fr\/wp-content\/uploads\/2018\/02\/hdf3-300x225.jpg 300w, https:\/\/artsmartiauxcompiegnois.fr\/wp-content\/uploads\/2018\/02\/hdf3-768x576.jpg 768w, https:\/\/artsmartiauxcompiegnois.fr\/wp-content\/uploads\/2018\/02\/hdf3-178x134.jpg 178w, https:\/\/artsmartiauxcompiegnois.fr\/wp-content\/uploads\/2018\/02\/hdf3.jpg 960w\" sizes=\"(max-width: 333px) 100vw, 333px\" \/>\u00a0 \u00a0<\/a><a href=\"http:\/\/artsmartiauxcompiegnois.fr\/wp-content\/uploads\/2018\/02\/hdf4.jpg\"><img loading=\"lazy\" class=\"wp-image-4596 alignleft\" src=\"http:\/\/artsmartiauxcompiegnois.fr\/wp-content\/uploads\/2018\/02\/hdf4-300x225.jpg\" alt=\"\" width=\"344\" height=\"258\" srcset=\"https:\/\/artsmartiauxcompiegnois.fr\/wp-content\/uploads\/2018\/02\/hdf4-300x225.jpg 300w, https:\/\/artsmartiauxcompiegnois.fr\/wp-content\/uploads\/2018\/02\/hdf4-768x576.jpg 768w, https:\/\/artsmartiauxcompiegnois.fr\/wp-content\/uploads\/2018\/02\/hdf4-178x134.jpg 178w, https:\/\/artsmartiauxcompiegnois.fr\/wp-content\/uploads\/2018\/02\/hdf4.jpg 960w\" sizes=\"(max-width: 344px) 100vw, 344px\" \/>\u00a0\u00a0<\/a><a href=\"http:\/\/artsmartiauxcompiegnois.fr\/wp-content\/uploads\/2018\/02\/hdf2.jpg\"><img loading=\"lazy\" class=\" wp-image-4594 alignright\" src=\"http:\/\/artsmartiauxcompiegnois.fr\/wp-content\/uploads\/2018\/02\/hdf2-300x225.jpg\" alt=\"\" width=\"321\" height=\"241\" srcset=\"https:\/\/artsmartiauxcompiegnois.fr\/wp-content\/uploads\/2018\/02\/hdf2-300x225.jpg 300w, https:\/\/artsmartiauxcompiegnois.fr\/wp-content\/uploads\/2018\/02\/hdf2-768x576.jpg 768w, https:\/\/artsmartiauxcompiegnois.fr\/wp-content\/uploads\/2018\/02\/hdf2-178x134.jpg 178w, https:\/\/artsmartiauxcompiegnois.fr\/wp-content\/uploads\/2018\/02\/hdf2.jpg 960w\" sizes=\"(max-width: 321px) 100vw, 321px\" \/><\/a><\/p>\n<p>&nbsp;<\/p>\n<p>&nbsp;<\/p>\n","protected":false},"excerpt":{"rendered":"<p>Bravo Isra ! Ton courage,et ta pers\u00e9v\u00e9rence t&rsquo;ont mont\u00e9 \u00e0 la deuxi\u00e8me place du Championnat R\u00e9gional Elite de KATA en HDF ! Te voil\u00e0 s\u00e9lectionn\u00e9e pour le Championnat de France. Le Club des Arts Martiaux Compi\u00e9gnois te f\u00e9filite et t&rsquo;encourage chaleureusement. \u00a0\u00a0\u00a0 \u00a0\u00a0\u00a0 &nbsp; &nbsp;<\/p>\n","protected":false},"author":1,"featured_media":4593,"comment_status":"open","ping_status":"open","sticky":false,"template":"","format":"standard","meta":[],"categories":[4,23],"tags":[116,51,164,53,55,56],"_links":{"self":[{"href":"https:\/\/artsmartiauxcompiegnois.fr\/index.php?rest_route=\/wp\/v2\/posts\/4592"}],"collection":[{"href":"https:\/\/artsmartiauxcompiegnois.fr\/index.php?rest_route=\/wp\/v2\/posts"}],"about":[{"href":"https:\/\/artsmartiauxcompiegnois.fr\/index.php?rest_route=\/wp\/v2\/types\/post"}],"author":[{"embeddable":true,"href":"https:\/\/artsmartiauxcompiegnois.fr\/index.php?rest_route=\/wp\/v2\/users\/1"}],"replies":[{"embeddable":true,"href":"https:\/\/artsmartiauxcompiegnois.fr\/index.php?rest_route=%2Fwp%2Fv2%2Fcomments&post=4592"}],"version-history":[{"count":1,"href":"https:\/\/artsmartiauxcompiegnois.fr\/index.php?rest_route=\/wp\/v2\/posts\/4592\/revisions"}],"predecessor-version":[{"id":4597,"href":"https:\/\/artsmartiauxcompiegnois.fr\/index.php?rest_route=\/wp\/v2\/posts\/4592\/revisions\/4597"}],"wp:featuredmedia":[{"embeddable":true,"href":"https:\/\/artsmartiauxcompiegnois.fr\/index.php?rest_route=\/wp\/v2\/media\/4593"}],"wp:attachment":[{"href":"https:\/\/artsmartiauxcompiegnois.fr\/index.php?rest_route=%2Fwp%2Fv2%2Fmedia&parent=4592"}],"wp:term":[{"taxonomy":"category","embeddable":true,"href":"https:\/\/artsmartiauxcompiegnois.fr\/index.php?rest_route=%2Fwp%2Fv2%2Fcategories&post=4592"},{"taxonomy":"post_tag","embeddable":true,"href":"https:\/\/artsmartiauxcompiegnois.fr\/index.php?rest_route=%2Fwp%2Fv2%2Ftags&post=4592"}],"curies":[{"name":"wp","href":"https:\/\/api.w.org\/{rel}","templated":true}]}}