{"id":4598,"date":"2018-02-05T12:51:24","date_gmt":"2018-02-05T10:51:24","guid":{"rendered":"http:\/\/artsmartiauxcompiegnois.fr\/?p=4598"},"modified":"2018-02-10T17:10:46","modified_gmt":"2018-02-10T15:10:46","slug":"les-karatekas-de-lamc-se-sont-illustres-a-saint-quentin","status":"publish","type":"post","link":"https:\/\/artsmartiauxcompiegnois.fr\/?p=4598","title":{"rendered":"Les karat\u00e9kas de l&rsquo;AMC se sont illustr\u00e9s \u00e0 Saint Quentin"},"content":{"rendered":"<p><a href=\"http:\/\/artsmartiauxcompiegnois.fr\/wp-content\/uploads\/2018\/01\/karate_03022018.png\"><img loading=\"lazy\" class=\"size-medium wp-image-4546 alignleft\" src=\"http:\/\/artsmartiauxcompiegnois.fr\/wp-content\/uploads\/2018\/01\/karate_03022018-212x300.png\" alt=\"\" width=\"212\" height=\"300\" srcset=\"https:\/\/artsmartiauxcompiegnois.fr\/wp-content\/uploads\/2018\/01\/karate_03022018-212x300.png 212w, https:\/\/artsmartiauxcompiegnois.fr\/wp-content\/uploads\/2018\/01\/karate_03022018-126x178.png 126w, https:\/\/artsmartiauxcompiegnois.fr\/wp-content\/uploads\/2018\/01\/karate_03022018.png 228w\" sizes=\"(max-width: 212px) 100vw, 212px\" \/><\/a>Huit karat\u00e9kas sont venus se mesurer aux autres comp\u00e9titeurs et tenter d&rsquo;\u00eatre s\u00e9lectionn\u00e9 au Championnat Elite de Picardie le 04 f\u00e9vrier 2018, qualificatif pour le Championnat de France.<\/p>\n<p>F\u00e9licitons nos huit karat\u00e9kas pour leurs participations et leurs r\u00e9sultats sur ces deux jours de comp\u00e9tition.<\/p>\n<p>Certains d&rsquo;entre eux ont acc\u00e9d\u00e9 au Podium, et montrer que l&rsquo;AMC est un club riche en recrues :<\/p>\n<ul>\n<li>Zahia (1ere), Isra (2 eme), Ayoub (2eme), Selma (3eme),<\/li>\n<\/ul>\n<p>Les autres ont su montrer leur ma\u00eetrise des techniques Kumit\u00e9 et Combats, et se sont vaillamment illustr\u00e9s, d\u00e9montrant ainsi, leur potentiel en germe.<\/p>\n<ul>\n<li>Hassan, Oulfa, Oumi, Ilyass n&rsquo;ont pas r\u00e9ussis \u00e0 se classer.<\/li>\n<\/ul>\n<p>Enfin, Zahia, Isra et Ayoub se sont qualifi\u00e9s pour la coupe de France Combat.<\/p>\n<p>Bravo \u00e0 nos comp\u00e9titeurs, merci aux parents, aux coachs et \u00e0 notre encadrant\u00a0<a id=\"js_8z\" class=\"profileLink\" href=\"https:\/\/www.facebook.com\/jacques.tapol?fref=mentions\" data-hovercard=\"\/ajax\/hovercard\/user.php?id=1618067641&amp;extragetparams=%7B%22fref%22%3A%22mentions%22%7D\" data-hovercard-prefer-more-content-show=\"1\" aria-controls=\"js_8x\" aria-haspopup=\"true\" aria-describedby=\"js_8y\">Jacques Fr\u00e9d\u00e9ric Tapol.<\/a><\/p>\n<p><a href=\"http:\/\/artsmartiauxcompiegnois.fr\/wp-content\/uploads\/2018\/02\/stq5.jpg\"><img loading=\"lazy\" class=\"alignnone size-medium wp-image-4603\" src=\"http:\/\/artsmartiauxcompiegnois.fr\/wp-content\/uploads\/2018\/02\/stq5-300x225.jpg\" alt=\"\" width=\"300\" height=\"225\" srcset=\"https:\/\/artsmartiauxcompiegnois.fr\/wp-content\/uploads\/2018\/02\/stq5-300x225.jpg 300w, https:\/\/artsmartiauxcompiegnois.fr\/wp-content\/uploads\/2018\/02\/stq5-768x576.jpg 768w, https:\/\/artsmartiauxcompiegnois.fr\/wp-content\/uploads\/2018\/02\/stq5-178x134.jpg 178w, https:\/\/artsmartiauxcompiegnois.fr\/wp-content\/uploads\/2018\/02\/stq5.jpg 960w\" sizes=\"(max-width: 300px) 100vw, 300px\" \/><\/a> <a href=\"http:\/\/artsmartiauxcompiegnois.fr\/wp-content\/uploads\/2018\/02\/stq4.jpg\"><img loading=\"lazy\" class=\"alignnone size-medium wp-image-4602\" src=\"http:\/\/artsmartiauxcompiegnois.fr\/wp-content\/uploads\/2018\/02\/stq4-300x225.jpg\" alt=\"\" width=\"300\" height=\"225\" srcset=\"https:\/\/artsmartiauxcompiegnois.fr\/wp-content\/uploads\/2018\/02\/stq4-300x225.jpg 300w, https:\/\/artsmartiauxcompiegnois.fr\/wp-content\/uploads\/2018\/02\/stq4-768x576.jpg 768w, https:\/\/artsmartiauxcompiegnois.fr\/wp-content\/uploads\/2018\/02\/stq4-178x134.jpg 178w, https:\/\/artsmartiauxcompiegnois.fr\/wp-content\/uploads\/2018\/02\/stq4.jpg 960w\" sizes=\"(max-width: 300px) 100vw, 300px\" \/><\/a> <a href=\"http:\/\/artsmartiauxcompiegnois.fr\/wp-content\/uploads\/2018\/02\/stq3.jpg\"><img loading=\"lazy\" class=\"alignnone size-medium wp-image-4601\" src=\"http:\/\/artsmartiauxcompiegnois.fr\/wp-content\/uploads\/2018\/02\/stq3-300x225.jpg\" alt=\"\" width=\"300\" height=\"225\" srcset=\"https:\/\/artsmartiauxcompiegnois.fr\/wp-content\/uploads\/2018\/02\/stq3-300x225.jpg 300w, https:\/\/artsmartiauxcompiegnois.fr\/wp-content\/uploads\/2018\/02\/stq3-768x576.jpg 768w, https:\/\/artsmartiauxcompiegnois.fr\/wp-content\/uploads\/2018\/02\/stq3-178x134.jpg 178w, https:\/\/artsmartiauxcompiegnois.fr\/wp-content\/uploads\/2018\/02\/stq3.jpg 960w\" sizes=\"(max-width: 300px) 100vw, 300px\" \/><\/a><a href=\"http:\/\/artsmartiauxcompiegnois.fr\/wp-content\/uploads\/2018\/02\/stq1.jpg\"><img loading=\"lazy\" class=\"alignnone size-medium wp-image-4599\" src=\"http:\/\/artsmartiauxcompiegnois.fr\/wp-content\/uploads\/2018\/02\/stq1-300x225.jpg\" alt=\"\" width=\"300\" height=\"225\" srcset=\"https:\/\/artsmartiauxcompiegnois.fr\/wp-content\/uploads\/2018\/02\/stq1-300x225.jpg 300w, https:\/\/artsmartiauxcompiegnois.fr\/wp-content\/uploads\/2018\/02\/stq1-768x576.jpg 768w, https:\/\/artsmartiauxcompiegnois.fr\/wp-content\/uploads\/2018\/02\/stq1-178x134.jpg 178w, https:\/\/artsmartiauxcompiegnois.fr\/wp-content\/uploads\/2018\/02\/stq1.jpg 960w\" sizes=\"(max-width: 300px) 100vw, 300px\" \/><\/a><\/p>\n","protected":false},"excerpt":{"rendered":"<p>Huit karat\u00e9kas sont venus se mesurer aux autres comp\u00e9titeurs et tenter d&rsquo;\u00eatre s\u00e9lectionn\u00e9 au Championnat Elite de Picardie le 04 f\u00e9vrier 2018, qualificatif pour le Championnat de France. F\u00e9licitons nos huit karat\u00e9kas pour leurs participations et leurs r\u00e9sultats sur ces deux jours de comp\u00e9tition. Certains d&rsquo;entre eux ont acc\u00e9d\u00e9 au Podium, et montrer que l&rsquo;AMC [&hellip;]<\/p>\n","protected":false},"author":1,"featured_media":4599,"comment_status":"open","ping_status":"open","sticky":false,"template":"","format":"standard","meta":[],"categories":[211,29,23],"tags":[116,51,164,212,53,55],"_links":{"self":[{"href":"https:\/\/artsmartiauxcompiegnois.fr\/index.php?rest_route=\/wp\/v2\/posts\/4598"}],"collection":[{"href":"https:\/\/artsmartiauxcompiegnois.fr\/index.php?rest_route=\/wp\/v2\/posts"}],"about":[{"href":"https:\/\/artsmartiauxcompiegnois.fr\/index.php?rest_route=\/wp\/v2\/types\/post"}],"author":[{"embeddable":true,"href":"https:\/\/artsmartiauxcompiegnois.fr\/index.php?rest_route=\/wp\/v2\/users\/1"}],"replies":[{"embeddable":true,"href":"https:\/\/artsmartiauxcompiegnois.fr\/index.php?rest_route=%2Fwp%2Fv2%2Fcomments&post=4598"}],"version-history":[{"count":7,"href":"https:\/\/artsmartiauxcompiegnois.fr\/index.php?rest_route=\/wp\/v2\/posts\/4598\/revisions"}],"predecessor-version":[{"id":4626,"href":"https:\/\/artsmartiauxcompiegnois.fr\/index.php?rest_route=\/wp\/v2\/posts\/4598\/revisions\/4626"}],"wp:featuredmedia":[{"embeddable":true,"href":"https:\/\/artsmartiauxcompiegnois.fr\/index.php?rest_route=\/wp\/v2\/media\/4599"}],"wp:attachment":[{"href":"https:\/\/artsmartiauxcompiegnois.fr\/index.php?rest_route=%2Fwp%2Fv2%2Fmedia&parent=4598"}],"wp:term":[{"taxonomy":"category","embeddable":true,"href":"https:\/\/artsmartiauxcompiegnois.fr\/index.php?rest_route=%2Fwp%2Fv2%2Fcategories&post=4598"},{"taxonomy":"post_tag","embeddable":true,"href":"https:\/\/artsmartiauxcompiegnois.fr\/index.php?rest_route=%2Fwp%2Fv2%2Ftags&post=4598"}],"curies":[{"name":"wp","href":"https:\/\/api.w.org\/{rel}","templated":true}]}}