{"id":4908,"date":"2018-02-12T16:43:17","date_gmt":"2018-02-12T14:43:17","guid":{"rendered":"http:\/\/artsmartiauxcompiegnois.fr\/?p=4908"},"modified":"2018-02-13T17:51:54","modified_gmt":"2018-02-13T15:51:54","slug":"championnat-kata-et-combats-de-la-zone-interdepartementale-de-picardie-a-laon-le-11-fevrier-2018","status":"publish","type":"post","link":"https:\/\/artsmartiauxcompiegnois.fr\/?p=4908","title":{"rendered":"Championnat Kata et Combats de la zone interd\u00e9partementale de Picardie \u00e0 Laon le 11 f\u00e9vrier 2018"},"content":{"rendered":"<div>\n<div class=\"_5x46 _1yz1 clearfix\">\n<div class=\"clearfix _5va3\">\n<div class=\"_38vo\">Le club des Arts Martiaux Compi\u00e9gnois a engag\u00e9 deux comp\u00e9titeurs en combat Minimes : Morgan L\u00e9ger et Yusra Bahmed.<\/div>\n<div><\/div>\n<div class=\"_38vo\">A l&rsquo;issue de cette rencontre, Yusra devient vice-Championne de Picardie, et se qualifie au Championnat de Hauts De France.<\/div>\n<\/div>\n<\/div>\n<div id=\"js_1tk\" class=\"_5pbx userContent _3576\" data-ft=\"{&quot;tn&quot;:&quot;K&quot;}\">\n<p>Bravo \u00e0 nos comp\u00e9titeurs qui ont repr\u00e9sent\u00e9 fi\u00e8rement le club.<\/p>\n<p>Un grand merci aux Coachs et aux Parents, mais surtout \u00e0 nos jeunes karat\u00e9kas qui ont su encore une fois repr\u00e9senter brillament notre Club.<\/p>\n<p><img src=\"https:\/\/scontent-cdg2-1.xx.fbcdn.net\/v\/t1.0-9\/27857859_1779081815722140_4776629201940901711_n.jpg?oh=9d4a24a364760ef310deaa8cac628ef4&amp;oe=5B0D5BFC\" alt=\"L\u2019image contient peut-\u00eatre\u00a0: 6 personnes, personnes debout\" \/><\/p>\n<p><img src=\"https:\/\/scontent-cdg2-1.xx.fbcdn.net\/v\/t1.0-9\/27752046_1779081855722136_3266517268258925975_n.jpg?oh=84ac8fd219f40fc395a7430afd52112e&amp;oe=5ADBE8F9\" alt=\"L\u2019image contient peut-\u00eatre\u00a0: 2 personnes, personnes debout, terrain de basketball et int\u00e9rieur\" \/><\/p>\n<p>&nbsp;<\/p>\n<\/div>\n<\/div>\n","protected":false},"excerpt":{"rendered":"<p>Le club des Arts Martiaux Compi\u00e9gnois a engag\u00e9 deux comp\u00e9titeurs en combat Minimes : Morgan L\u00e9ger et Yusra Bahmed. A l&rsquo;issue de cette rencontre, Yusra devient vice-Championne de Picardie, et se qualifie au Championnat de Hauts De France. Bravo \u00e0 nos comp\u00e9titeurs qui ont repr\u00e9sent\u00e9 fi\u00e8rement le club. Un grand merci aux Coachs et aux [&hellip;]<\/p>\n","protected":false},"author":1,"featured_media":0,"comment_status":"open","ping_status":"open","sticky":false,"template":"","format":"standard","meta":[],"categories":[8,4,23],"tags":[116,52,51,164,55,56],"_links":{"self":[{"href":"https:\/\/artsmartiauxcompiegnois.fr\/index.php?rest_route=\/wp\/v2\/posts\/4908"}],"collection":[{"href":"https:\/\/artsmartiauxcompiegnois.fr\/index.php?rest_route=\/wp\/v2\/posts"}],"about":[{"href":"https:\/\/artsmartiauxcompiegnois.fr\/index.php?rest_route=\/wp\/v2\/types\/post"}],"author":[{"embeddable":true,"href":"https:\/\/artsmartiauxcompiegnois.fr\/index.php?rest_route=\/wp\/v2\/users\/1"}],"replies":[{"embeddable":true,"href":"https:\/\/artsmartiauxcompiegnois.fr\/index.php?rest_route=%2Fwp%2Fv2%2Fcomments&post=4908"}],"version-history":[{"count":4,"href":"https:\/\/artsmartiauxcompiegnois.fr\/index.php?rest_route=\/wp\/v2\/posts\/4908\/revisions"}],"predecessor-version":[{"id":4914,"href":"https:\/\/artsmartiauxcompiegnois.fr\/index.php?rest_route=\/wp\/v2\/posts\/4908\/revisions\/4914"}],"wp:attachment":[{"href":"https:\/\/artsmartiauxcompiegnois.fr\/index.php?rest_route=%2Fwp%2Fv2%2Fmedia&parent=4908"}],"wp:term":[{"taxonomy":"category","embeddable":true,"href":"https:\/\/artsmartiauxcompiegnois.fr\/index.php?rest_route=%2Fwp%2Fv2%2Fcategories&post=4908"},{"taxonomy":"post_tag","embeddable":true,"href":"https:\/\/artsmartiauxcompiegnois.fr\/index.php?rest_route=%2Fwp%2Fv2%2Ftags&post=4908"}],"curies":[{"name":"wp","href":"https:\/\/api.w.org\/{rel}","templated":true}]}}