{"id":5231,"date":"2018-02-26T15:25:19","date_gmt":"2018-02-26T13:25:19","guid":{"rendered":"http:\/\/artsmartiauxcompiegnois.fr\/?p=5231"},"modified":"2018-03-05T15:27:07","modified_gmt":"2018-03-05T13:27:07","slug":"le-stage-departemental-de-combat-de-karate-en-images","status":"publish","type":"post","link":"https:\/\/artsmartiauxcompiegnois.fr\/?p=5231","title":{"rendered":"Le Stage D\u00e9partemental de combat de Karat\u00e9 en images"},"content":{"rendered":"<p><a href=\"http:\/\/artsmartiauxcompiegnois.fr\/wp-content\/uploads\/2018\/02\/stage-jeunes.png\"><img loading=\"lazy\" class=\"wp-image-4955 alignleft\" src=\"http:\/\/artsmartiauxcompiegnois.fr\/wp-content\/uploads\/2018\/02\/stage-jeunes.png\" alt=\"\" width=\"404\" height=\"576\" srcset=\"https:\/\/artsmartiauxcompiegnois.fr\/wp-content\/uploads\/2018\/02\/stage-jeunes.png 525w, https:\/\/artsmartiauxcompiegnois.fr\/wp-content\/uploads\/2018\/02\/stage-jeunes-211x300.png 211w, https:\/\/artsmartiauxcompiegnois.fr\/wp-content\/uploads\/2018\/02\/stage-jeunes-125x178.png 125w\" sizes=\"(max-width: 404px) 100vw, 404px\" \/><\/a>Un stage d\u00e9partemental de combat de Karat\u00e9, des cat\u00e9gories poussins \u00e0 seniors, s&rsquo;est d\u00e9roul\u00e9 le dimanche 25 f\u00e9vrier 2018, au club des Arts Martiaux Compi\u00e9gnois. Ce stage de grande qualit\u00e9 \u00e9tait dirig\u00e9 par les fr\u00e8res Sofiane et Mohamed DAHMANI, ainsi que Franck AUBRY.<\/p>\n<p>&nbsp;<\/p>\n<p>Nous f\u00e9licitons les Coachs pour ce pr\u00e9cieux travail qui vise \u00e0 pr\u00e9parer les comp\u00e9titeurs du d\u00e9partement de l\u2019Oise, pour leur participation \u00e0 la Coupe de France et aux championnats Hauts de France.<\/p>\n<p><img loading=\"lazy\" class=\"alignnone\" src=\"https:\/\/scontent-cdt1-1.xx.fbcdn.net\/v\/t1.0-9\/28168506_1785089001788088_3010944453440569187_n.jpg?oh=8f0e0c92c2b6129e653a1c235652d81b&amp;oe=5B0A716E\" alt=\"L\u2019image contient peut-\u00eatre\u00a0: une personne ou plus, personnes sur sc\u00e8ne et terrain de basketball\" width=\"463\" height=\"348\" \/><\/p>\n<p><img loading=\"lazy\" class=\"alignleft\" src=\"https:\/\/scontent-cdt1-1.xx.fbcdn.net\/v\/t1.0-9\/28168035_1785089005121421_4874858557474898942_n.jpg?oh=86c9c1f86efe3b5ef8787c9d0b901bb7&amp;oe=5B1ABFC5\" alt=\"L\u2019image contient peut-\u00eatre\u00a0: 3 personnes\" width=\"453\" height=\"340\" \/><\/p>\n<p><img loading=\"lazy\" class=\"\" src=\"https:\/\/scontent-cdt1-1.xx.fbcdn.net\/v\/t1.0-9\/28378543_1785089048454750_5823602344407029477_n.jpg?oh=af9d3d27ee7044a0a1938ec3a31cab95&amp;oe=5B0AB96A\" alt=\"L\u2019image contient peut-\u00eatre\u00a0: 3 personnes\" width=\"447\" height=\"335\" \/><\/p>\n<p><img loading=\"lazy\" class=\"\" src=\"https:\/\/scontent-cdt1-1.xx.fbcdn.net\/v\/t1.0-9\/28277310_1785089091788079_6012000695908983605_n.jpg?oh=7b61cb33c3144f20b4a8162e18d76796&amp;oe=5B0D3071\" alt=\"L\u2019image contient peut-\u00eatre\u00a0: 3 personnes, personnes debout\" width=\"453\" height=\"340\" \/>\u00a0\u00a0<img loading=\"lazy\" class=\"alignnone\" src=\"https:\/\/scontent-cdt1-1.xx.fbcdn.net\/v\/t1.0-9\/28379467_1785089151788073_1220110488052617902_n.jpg?oh=c95f5824bd0a25cfa6e11f7d0ea80eb6&amp;oe=5B453960\" alt=\"L\u2019image contient peut-\u00eatre\u00a0: 5 personnes, personnes debout\" width=\"455\" height=\"342\" \/><\/p>\n<p><img loading=\"lazy\" class=\"alignleft\" src=\"https:\/\/scontent-cdt1-1.xx.fbcdn.net\/v\/t1.0-9\/28168293_1785089191788069_3619797252842573937_n.jpg?oh=22981b9bec145d2253f89451b3f747ab&amp;oe=5B43EDE7\" alt=\"L\u2019image contient peut-\u00eatre\u00a0: 1 personne\" width=\"466\" height=\"350\" \/>\u00a0 \u00a0\u00a0<img loading=\"lazy\" class=\"alignleft\" src=\"https:\/\/scontent-cdt1-1.xx.fbcdn.net\/v\/t1.0-9\/28168333_1785089471788041_3428008037418731237_n.jpg?oh=3b840f016584c3723258824aacfa44dd&amp;oe=5B15BACA\" alt=\"L\u2019image contient peut-\u00eatre\u00a0: 3 personnes, personnes debout\" width=\"464\" height=\"348\" \/><\/p>\n<p>&nbsp;<\/p>\n<p>&nbsp;<\/p>\n<p>&nbsp;<\/p>\n<p>&nbsp;<\/p>\n<p>&nbsp;<\/p>\n<p>&nbsp;<\/p>\n<p>&nbsp;<\/p>\n<p>&nbsp;<\/p>\n<p>&nbsp;<\/p>\n","protected":false},"excerpt":{"rendered":"<p>Un stage d\u00e9partemental de combat de Karat\u00e9, des cat\u00e9gories poussins \u00e0 seniors, s&rsquo;est d\u00e9roul\u00e9 le dimanche 25 f\u00e9vrier 2018, au club des Arts Martiaux Compi\u00e9gnois. Ce stage de grande qualit\u00e9 \u00e9tait dirig\u00e9 par les fr\u00e8res Sofiane et Mohamed DAHMANI, ainsi que Franck AUBRY. &nbsp; Nous f\u00e9licitons les Coachs pour ce pr\u00e9cieux travail qui vise \u00e0 [&hellip;]<\/p>\n","protected":false},"author":1,"featured_media":0,"comment_status":"open","ping_status":"open","sticky":false,"template":"","format":"standard","meta":[],"categories":[8,29,4],"tags":[116,51,53,55,56,114],"_links":{"self":[{"href":"https:\/\/artsmartiauxcompiegnois.fr\/index.php?rest_route=\/wp\/v2\/posts\/5231"}],"collection":[{"href":"https:\/\/artsmartiauxcompiegnois.fr\/index.php?rest_route=\/wp\/v2\/posts"}],"about":[{"href":"https:\/\/artsmartiauxcompiegnois.fr\/index.php?rest_route=\/wp\/v2\/types\/post"}],"author":[{"embeddable":true,"href":"https:\/\/artsmartiauxcompiegnois.fr\/index.php?rest_route=\/wp\/v2\/users\/1"}],"replies":[{"embeddable":true,"href":"https:\/\/artsmartiauxcompiegnois.fr\/index.php?rest_route=%2Fwp%2Fv2%2Fcomments&post=5231"}],"version-history":[{"count":3,"href":"https:\/\/artsmartiauxcompiegnois.fr\/index.php?rest_route=\/wp\/v2\/posts\/5231\/revisions"}],"predecessor-version":[{"id":5234,"href":"https:\/\/artsmartiauxcompiegnois.fr\/index.php?rest_route=\/wp\/v2\/posts\/5231\/revisions\/5234"}],"wp:attachment":[{"href":"https:\/\/artsmartiauxcompiegnois.fr\/index.php?rest_route=%2Fwp%2Fv2%2Fmedia&parent=5231"}],"wp:term":[{"taxonomy":"category","embeddable":true,"href":"https:\/\/artsmartiauxcompiegnois.fr\/index.php?rest_route=%2Fwp%2Fv2%2Fcategories&post=5231"},{"taxonomy":"post_tag","embeddable":true,"href":"https:\/\/artsmartiauxcompiegnois.fr\/index.php?rest_route=%2Fwp%2Fv2%2Ftags&post=5231"}],"curies":[{"name":"wp","href":"https:\/\/api.w.org\/{rel}","templated":true}]}}