{"id":5574,"date":"2018-03-18T19:54:26","date_gmt":"2018-03-18T17:54:26","guid":{"rendered":"http:\/\/artsmartiauxcompiegnois.fr\/?p=5574"},"modified":"2018-03-18T19:59:06","modified_gmt":"2018-03-18T17:59:06","slug":"open-kata-des-hauts-de-france","status":"publish","type":"post","link":"https:\/\/artsmartiauxcompiegnois.fr\/?p=5574","title":{"rendered":"Open Kata Des Hauts de France"},"content":{"rendered":"<p>Le club des Arts Martiaux Compi\u00e9gnois a \u00e9t\u00e9 repr\u00e9sent\u00e9 par Isra Bahmed, dans la cat\u00e9gorie Benjamine, ce dimanche 18 mars 2018 \u00e0\u00a0 l\u2019Open Kata Des Hauts de France qui se d\u00e9roulait ce dimancge 18 mars 2018.<\/p>\n<p>Malheureusement elle n&rsquo;est pas mont\u00e9e sur le Podium. Elle reste malgr\u00e9 tout qualifi\u00e9e pour la coupe de France.<\/p>\n<p>D&rsquo;un tr\u00e8s bon niveau, il lui reste encore des progr\u00e8s \u00e0 faire. Aussi nous l&rsquo;encourageons fortement, et la f\u00e9licitons pour\u00a0son courage et sa t\u00e9nacit\u00e9.<\/p>\n","protected":false},"excerpt":{"rendered":"<p>Le club des Arts Martiaux Compi\u00e9gnois a \u00e9t\u00e9 repr\u00e9sent\u00e9 par Isra Bahmed, dans la cat\u00e9gorie Benjamine, ce dimanche 18 mars 2018 \u00e0\u00a0 l\u2019Open Kata Des Hauts de France qui se d\u00e9roulait ce dimancge 18 mars 2018. Malheureusement elle n&rsquo;est pas mont\u00e9e sur le Podium. Elle reste malgr\u00e9 tout qualifi\u00e9e pour la coupe de France. D&rsquo;un [&hellip;]<\/p>\n","protected":false},"author":1,"featured_media":0,"comment_status":"open","ping_status":"open","sticky":false,"template":"","format":"standard","meta":[],"categories":[4,7],"tags":[116,51,55,56,222],"_links":{"self":[{"href":"https:\/\/artsmartiauxcompiegnois.fr\/index.php?rest_route=\/wp\/v2\/posts\/5574"}],"collection":[{"href":"https:\/\/artsmartiauxcompiegnois.fr\/index.php?rest_route=\/wp\/v2\/posts"}],"about":[{"href":"https:\/\/artsmartiauxcompiegnois.fr\/index.php?rest_route=\/wp\/v2\/types\/post"}],"author":[{"embeddable":true,"href":"https:\/\/artsmartiauxcompiegnois.fr\/index.php?rest_route=\/wp\/v2\/users\/1"}],"replies":[{"embeddable":true,"href":"https:\/\/artsmartiauxcompiegnois.fr\/index.php?rest_route=%2Fwp%2Fv2%2Fcomments&post=5574"}],"version-history":[{"count":4,"href":"https:\/\/artsmartiauxcompiegnois.fr\/index.php?rest_route=\/wp\/v2\/posts\/5574\/revisions"}],"predecessor-version":[{"id":5578,"href":"https:\/\/artsmartiauxcompiegnois.fr\/index.php?rest_route=\/wp\/v2\/posts\/5574\/revisions\/5578"}],"wp:attachment":[{"href":"https:\/\/artsmartiauxcompiegnois.fr\/index.php?rest_route=%2Fwp%2Fv2%2Fmedia&parent=5574"}],"wp:term":[{"taxonomy":"category","embeddable":true,"href":"https:\/\/artsmartiauxcompiegnois.fr\/index.php?rest_route=%2Fwp%2Fv2%2Fcategories&post=5574"},{"taxonomy":"post_tag","embeddable":true,"href":"https:\/\/artsmartiauxcompiegnois.fr\/index.php?rest_route=%2Fwp%2Fv2%2Ftags&post=5574"}],"curies":[{"name":"wp","href":"https:\/\/api.w.org\/{rel}","templated":true}]}}