{"id":5588,"date":"2018-03-23T13:34:18","date_gmt":"2018-03-23T11:34:18","guid":{"rendered":"http:\/\/artsmartiauxcompiegnois.fr\/?p=5588"},"modified":"2018-03-23T13:47:43","modified_gmt":"2018-03-23T11:47:43","slug":"un-cours-de-self-defense-mixte-krav-maga-tau-jitsu","status":"publish","type":"post","link":"https:\/\/artsmartiauxcompiegnois.fr\/?p=5588","title":{"rendered":"Un cours de self-d\u00e9fense mixte KRAV-MAGA &#038; TA\u00cf JITSU"},"content":{"rendered":"<p>Le jeudi 22 mars 2018, un cours de self d\u00e9fense mixte Krav Maga dirig\u00e9,<\/p>\n<ul>\n<li>par le sensei\u00a0<a class=\"profileLink\" href=\"https:\/\/www.facebook.com\/jacky.zamudio.5?fref=mentions\" data-hovercard=\"\/ajax\/hovercard\/user.php?id=100000022592083&amp;extragetparams=%7B%22fref%22%3A%22mentions%22%7D\" data-hovercard-prefer-more-content-show=\"1\" data-ft=\"{&quot;tn&quot;:&quot;-]&quot;}\">Jacky Zamudio<\/a>\u00a0pour les techniques de Krav-Maga<\/li>\n<li>par le Pr\u00e9sident\u00a0<a class=\"profileLink\" href=\"https:\/\/www.facebook.com\/akim.bahmed.9?fref=mentions\" data-hovercard=\"\/ajax\/hovercard\/user.php?id=100008610168384&amp;extragetparams=%7B%22fref%22%3A%22mentions%22%7D\" data-hovercard-prefer-more-content-show=\"1\" data-ft=\"{&quot;tn&quot;:&quot;-]&quot;}\">Akim Bahmed<\/a>\u00a0pour les techniques de Tai Jitsu<\/li>\n<\/ul>\n<p>a permi l&rsquo;enseignement des techniques d&rsquo;auto-d\u00e9fense m\u00e9lant les deux disciplines.<\/p>\n<p>Tout comme les nombreux participants \u00e0 ce cours, nos deux ma\u00eetres ont appr\u00e9ci\u00e9 cette\u00a0s\u00e9ance riche d\u2019\u00e9changes, qui s&rsquo;est d\u00e9roul\u00e9e dans une atmosph\u00e8re agr\u00e9able, avec une bonne complicit\u00e9 et compl\u00e9mentarit\u00e9 des enseignants.<\/p>\n<p>A toutes fins utiles, vous noterez que :<\/p>\n<ul>\n<li>les cours de krav maga se d\u00e9roulent tous les mardis et jeudis de 18h30 \u00e0 19h45<\/li>\n<li>les cours de Tai Jitsu sont tenus tous les lundis et vendredis de 19h \u00e0 20h30.<\/li>\n<\/ul>\n<p><a href=\"http:\/\/artsmartiauxcompiegnois.fr\/wp-content\/uploads\/2018\/03\/Self-defense-22032018.png\"><img loading=\"lazy\" class=\"aligncenter size-full wp-image-5594\" src=\"http:\/\/artsmartiauxcompiegnois.fr\/wp-content\/uploads\/2018\/03\/Self-defense-22032018.png\" alt=\"\" width=\"991\" height=\"439\" srcset=\"https:\/\/artsmartiauxcompiegnois.fr\/wp-content\/uploads\/2018\/03\/Self-defense-22032018.png 991w, https:\/\/artsmartiauxcompiegnois.fr\/wp-content\/uploads\/2018\/03\/Self-defense-22032018-300x133.png 300w, https:\/\/artsmartiauxcompiegnois.fr\/wp-content\/uploads\/2018\/03\/Self-defense-22032018-768x340.png 768w, https:\/\/artsmartiauxcompiegnois.fr\/wp-content\/uploads\/2018\/03\/Self-defense-22032018-178x79.png 178w\" sizes=\"(max-width: 991px) 100vw, 991px\" \/><\/a><a href=\"http:\/\/artsmartiauxcompiegnois.fr\/wp-content\/uploads\/2018\/03\/Self-defense-2-22032018.png\"><img loading=\"lazy\" class=\"wp-image-5595 alignleft\" src=\"http:\/\/artsmartiauxcompiegnois.fr\/wp-content\/uploads\/2018\/03\/Self-defense-2-22032018.png\" alt=\"\" width=\"492\" height=\"325\" srcset=\"https:\/\/artsmartiauxcompiegnois.fr\/wp-content\/uploads\/2018\/03\/Self-defense-2-22032018.png 702w, https:\/\/artsmartiauxcompiegnois.fr\/wp-content\/uploads\/2018\/03\/Self-defense-2-22032018-300x198.png 300w, https:\/\/artsmartiauxcompiegnois.fr\/wp-content\/uploads\/2018\/03\/Self-defense-2-22032018-178x118.png 178w\" sizes=\"(max-width: 492px) 100vw, 492px\" \/><\/a> <a href=\"http:\/\/artsmartiauxcompiegnois.fr\/wp-content\/uploads\/2018\/03\/Self-defense-3-22032018.png\"><img loading=\"lazy\" class=\"aligncenter  wp-image-5596\" src=\"http:\/\/artsmartiauxcompiegnois.fr\/wp-content\/uploads\/2018\/03\/Self-defense-3-22032018.png\" alt=\"\" width=\"394\" height=\"422\" srcset=\"https:\/\/artsmartiauxcompiegnois.fr\/wp-content\/uploads\/2018\/03\/Self-defense-3-22032018.png 565w, https:\/\/artsmartiauxcompiegnois.fr\/wp-content\/uploads\/2018\/03\/Self-defense-3-22032018-280x300.png 280w, https:\/\/artsmartiauxcompiegnois.fr\/wp-content\/uploads\/2018\/03\/Self-defense-3-22032018-166x178.png 166w\" sizes=\"(max-width: 394px) 100vw, 394px\" \/><\/a> <a href=\"http:\/\/artsmartiauxcompiegnois.fr\/wp-content\/uploads\/2018\/03\/Self-defense-4-22032018.png\"><img loading=\"lazy\" class=\"wp-image-5597 alignleft\" src=\"http:\/\/artsmartiauxcompiegnois.fr\/wp-content\/uploads\/2018\/03\/Self-defense-4-22032018.png\" alt=\"\" width=\"532\" height=\"483\" srcset=\"https:\/\/artsmartiauxcompiegnois.fr\/wp-content\/uploads\/2018\/03\/Self-defense-4-22032018.png 693w, https:\/\/artsmartiauxcompiegnois.fr\/wp-content\/uploads\/2018\/03\/Self-defense-4-22032018-300x272.png 300w, https:\/\/artsmartiauxcompiegnois.fr\/wp-content\/uploads\/2018\/03\/Self-defense-4-22032018-178x162.png 178w\" sizes=\"(max-width: 532px) 100vw, 532px\" \/><\/a><\/p>\n","protected":false},"excerpt":{"rendered":"<p>Le jeudi 22 mars 2018, un cours de self d\u00e9fense mixte Krav Maga dirig\u00e9, par le sensei\u00a0Jacky Zamudio\u00a0pour les techniques de Krav-Maga par le Pr\u00e9sident\u00a0Akim Bahmed\u00a0pour les techniques de Tai Jitsu a permi l&rsquo;enseignement des techniques d&rsquo;auto-d\u00e9fense m\u00e9lant les deux disciplines. Tout comme les nombreux participants \u00e0 ce cours, nos deux ma\u00eetres ont appr\u00e9ci\u00e9 cette\u00a0s\u00e9ance [&hellip;]<\/p>\n","protected":false},"author":1,"featured_media":5596,"comment_status":"open","ping_status":"open","sticky":false,"template":"","format":"standard","meta":[],"categories":[235,7,5],"tags":[116,52,51,58,129,131,59],"_links":{"self":[{"href":"https:\/\/artsmartiauxcompiegnois.fr\/index.php?rest_route=\/wp\/v2\/posts\/5588"}],"collection":[{"href":"https:\/\/artsmartiauxcompiegnois.fr\/index.php?rest_route=\/wp\/v2\/posts"}],"about":[{"href":"https:\/\/artsmartiauxcompiegnois.fr\/index.php?rest_route=\/wp\/v2\/types\/post"}],"author":[{"embeddable":true,"href":"https:\/\/artsmartiauxcompiegnois.fr\/index.php?rest_route=\/wp\/v2\/users\/1"}],"replies":[{"embeddable":true,"href":"https:\/\/artsmartiauxcompiegnois.fr\/index.php?rest_route=%2Fwp%2Fv2%2Fcomments&post=5588"}],"version-history":[{"count":5,"href":"https:\/\/artsmartiauxcompiegnois.fr\/index.php?rest_route=\/wp\/v2\/posts\/5588\/revisions"}],"predecessor-version":[{"id":5598,"href":"https:\/\/artsmartiauxcompiegnois.fr\/index.php?rest_route=\/wp\/v2\/posts\/5588\/revisions\/5598"}],"wp:featuredmedia":[{"embeddable":true,"href":"https:\/\/artsmartiauxcompiegnois.fr\/index.php?rest_route=\/wp\/v2\/media\/5596"}],"wp:attachment":[{"href":"https:\/\/artsmartiauxcompiegnois.fr\/index.php?rest_route=%2Fwp%2Fv2%2Fmedia&parent=5588"}],"wp:term":[{"taxonomy":"category","embeddable":true,"href":"https:\/\/artsmartiauxcompiegnois.fr\/index.php?rest_route=%2Fwp%2Fv2%2Fcategories&post=5588"},{"taxonomy":"post_tag","embeddable":true,"href":"https:\/\/artsmartiauxcompiegnois.fr\/index.php?rest_route=%2Fwp%2Fv2%2Ftags&post=5588"}],"curies":[{"name":"wp","href":"https:\/\/api.w.org\/{rel}","templated":true}]}}