{"id":5626,"date":"2018-03-26T16:32:53","date_gmt":"2018-03-26T14:32:53","guid":{"rendered":"http:\/\/artsmartiauxcompiegnois.fr\/?p=5626"},"modified":"2018-03-26T16:32:53","modified_gmt":"2018-03-26T14:32:53","slug":"championnat-de-loise-de-judo","status":"publish","type":"post","link":"https:\/\/artsmartiauxcompiegnois.fr\/?p=5626","title":{"rendered":"Championnat de l&rsquo;Oise de Judo"},"content":{"rendered":"<div id=\"timeline_top_section\" class=\"_5h60\" data-referrer=\"timeline_top_section\"><\/div>\n<div id=\"pagelet_main_column_personal\" class=\"_5h60\" data-referrer=\"pagelet_main_column_personal_timeline\">\n<div id=\"timeline_tab_content\">\n<div id=\"pagelet_timeline_recent\" class=\"_5h60 fbTimelineTimePeriod\" data-referrer=\"pagelet_timeline_recent\">\n<div id=\"u_fetchstream_26_8\" class=\"fbTimelineSection fbTimelineCompactSection fbTimelineSectionTransparent\">\n<div id=\"u_fetchstream_26_7\" class=\"fbTimelineCapsule clearfix\" data-referrer=\"pagelet_timeline_recent_ocm\" data-start=\"1503101752\" data-end=\"1522565999\">\n<div id=\"recent_capsule_container\" class=\"_5nb8\" data-referrer=\"recent_capsule_container\">\n<div class=\"_5pcb _4b0l\">\n<div id=\"tl_unit_5113507377476276564\" class=\"_4-u2 mbm _4mrt _5jmm _5pat _5v3q _4-u8\" role=\"article\" data-fte=\"1\" data-ftr=\"1\" data-time=\"1521999876\" data-insertion-position=\"0\" aria-labelledby=\"js_65y\" aria-describedby=\"js_65z js_660\">\n<div id=\"u_fetchstream_26_b\" class=\"_3ccb\" data-ft=\"{&quot;tn&quot;:&quot;-R&quot;}\" data-gt=\"{&quot;type&quot;:&quot;click2canvas&quot;,&quot;fbsource&quot;:703,&quot;ref&quot;:&quot;nf_generic&quot;}\">\n<div class=\"_5pcr userContentWrapper\" data-ft=\"{&quot;tn&quot;:&quot;-R&quot;}\">\n<div class=\"_1dwg _1w_m _q7o\">\n<div id=\"js_660\" class=\"_5pbx userContent _3576\" data-ft=\"{&quot;tn&quot;:&quot;K&quot;}\">\n<div id=\"id_5ab9012f796656399510915\" class=\"text_exposed_root text_exposed\">\n<p>Le 25 mars 2018, le club des Arts Martiaux Compi\u00e9gnois \u00e9tait repr\u00e9sent\u00e9 \u00e0 cette rencontre qualificative pour les demi-finales du championnat de France 1\u00e8re Division.Ilyes Si et Benjamin Belaidi participaient au championnat de l&rsquo;Oise Seniors de judo.<\/p>\n<ul>\n<li>Ilyes Si, engag\u00e9 en cat\u00e9gorie des moins de 60 Kg Junior, perd son premier combat au premier tour, et perd \u00e9galement son combat de rep\u00eachage. Il n&rsquo;est donc pas class\u00e9. Malgr\u00e9 une belle prestation, il s&rsquo;est fait surprendre alors qu&rsquo;il menait le combat.<\/li>\n<li>Benjamin Belaidi, engag\u00e9 dans la caty\u00e9gorie S\u00e9nior de moins de 100 Kg, se hisse \u00e0 la 3\u00e8me place et se qualifie pour la phase suivante.<\/li>\n<\/ul>\n<p>Le Pr\u00e9sident et le Comit\u00e9 Directeur f\u00e9licitent nos comp\u00e9titeurs.<\/p>\n<\/div>\n<\/div>\n<\/div>\n<\/div>\n<\/div>\n<\/div>\n<\/div>\n<\/div>\n<\/div>\n<\/div>\n<\/div>\n<\/div>\n<\/div>\n","protected":false},"excerpt":{"rendered":"<p>Le 25 mars 2018, le club des Arts Martiaux Compi\u00e9gnois \u00e9tait repr\u00e9sent\u00e9 \u00e0 cette rencontre qualificative pour les demi-finales du championnat de France 1\u00e8re Division.Ilyes Si et Benjamin Belaidi participaient au championnat de l&rsquo;Oise Seniors de judo. Ilyes Si, engag\u00e9 en cat\u00e9gorie des moins de 60 Kg Junior, perd son premier combat au premier tour, [&hellip;]<\/p>\n","protected":false},"author":1,"featured_media":0,"comment_status":"open","ping_status":"open","sticky":false,"template":"","format":"standard","meta":[],"categories":[39,2],"tags":[116,51,210,179],"_links":{"self":[{"href":"https:\/\/artsmartiauxcompiegnois.fr\/index.php?rest_route=\/wp\/v2\/posts\/5626"}],"collection":[{"href":"https:\/\/artsmartiauxcompiegnois.fr\/index.php?rest_route=\/wp\/v2\/posts"}],"about":[{"href":"https:\/\/artsmartiauxcompiegnois.fr\/index.php?rest_route=\/wp\/v2\/types\/post"}],"author":[{"embeddable":true,"href":"https:\/\/artsmartiauxcompiegnois.fr\/index.php?rest_route=\/wp\/v2\/users\/1"}],"replies":[{"embeddable":true,"href":"https:\/\/artsmartiauxcompiegnois.fr\/index.php?rest_route=%2Fwp%2Fv2%2Fcomments&post=5626"}],"version-history":[{"count":1,"href":"https:\/\/artsmartiauxcompiegnois.fr\/index.php?rest_route=\/wp\/v2\/posts\/5626\/revisions"}],"predecessor-version":[{"id":5627,"href":"https:\/\/artsmartiauxcompiegnois.fr\/index.php?rest_route=\/wp\/v2\/posts\/5626\/revisions\/5627"}],"wp:attachment":[{"href":"https:\/\/artsmartiauxcompiegnois.fr\/index.php?rest_route=%2Fwp%2Fv2%2Fmedia&parent=5626"}],"wp:term":[{"taxonomy":"category","embeddable":true,"href":"https:\/\/artsmartiauxcompiegnois.fr\/index.php?rest_route=%2Fwp%2Fv2%2Fcategories&post=5626"},{"taxonomy":"post_tag","embeddable":true,"href":"https:\/\/artsmartiauxcompiegnois.fr\/index.php?rest_route=%2Fwp%2Fv2%2Ftags&post=5626"}],"curies":[{"name":"wp","href":"https:\/\/api.w.org\/{rel}","templated":true}]}}