{"id":5721,"date":"2018-04-16T13:37:57","date_gmt":"2018-04-16T11:37:57","guid":{"rendered":"http:\/\/artsmartiauxcompiegnois.fr\/?p=5721"},"modified":"2018-04-16T13:37:57","modified_gmt":"2018-04-16T11:37:57","slug":"deuxieme-stage-de-preparation-a-la-coupe-de-france-kata","status":"publish","type":"post","link":"https:\/\/artsmartiauxcompiegnois.fr\/?p=5721","title":{"rendered":"Deuxi\u00e8me stage de pr\u00e9paration \u00e0 la Coupe de France Kata"},"content":{"rendered":"<p>La Zone Inter D\u00e9partementale (Z.I.D.) de Picardie organisait le 14 avril 2018 au Dojo R\u00e9gional d&rsquo;Amiens le deuxi\u00e8me stage de pr\u00e9paration pour la coupe de France Kata.<\/p>\n<p>Ce stage \u00e9tait dirig\u00e9 par S\u00e9bastien MARS, l\u2019encadrant R\u00e9gion Picardie Kata, ceinture noire, 4\u00e8me Dan.<\/p>\n<p>Ista Bahmed, s\u00e9lectionn\u00e9e pour la Coupe de France, a bien entendu suivi cet ensignement avec assiduit\u00e9.<\/p>\n<p>Nous encourageons vivement Isra qui repr\u00e9sentera notre Club \u00e0 cette Coupe de France.<\/p>\n<p>Nous la f\u00e9licitons pour son engagement dans son parcours sportif.<\/p>\n","protected":false},"excerpt":{"rendered":"<p>La Zone Inter D\u00e9partementale (Z.I.D.) de Picardie organisait le 14 avril 2018 au Dojo R\u00e9gional d&rsquo;Amiens le deuxi\u00e8me stage de pr\u00e9paration pour la coupe de France Kata. Ce stage \u00e9tait dirig\u00e9 par S\u00e9bastien MARS, l\u2019encadrant R\u00e9gion Picardie Kata, ceinture noire, 4\u00e8me Dan. Ista Bahmed, s\u00e9lectionn\u00e9e pour la Coupe de France, a bien entendu suivi cet [&hellip;]<\/p>\n","protected":false},"author":1,"featured_media":0,"comment_status":"open","ping_status":"open","sticky":false,"template":"","format":"standard","meta":[],"categories":[8,29,4,7],"tags":[51,53,55,244,114,240],"_links":{"self":[{"href":"https:\/\/artsmartiauxcompiegnois.fr\/index.php?rest_route=\/wp\/v2\/posts\/5721"}],"collection":[{"href":"https:\/\/artsmartiauxcompiegnois.fr\/index.php?rest_route=\/wp\/v2\/posts"}],"about":[{"href":"https:\/\/artsmartiauxcompiegnois.fr\/index.php?rest_route=\/wp\/v2\/types\/post"}],"author":[{"embeddable":true,"href":"https:\/\/artsmartiauxcompiegnois.fr\/index.php?rest_route=\/wp\/v2\/users\/1"}],"replies":[{"embeddable":true,"href":"https:\/\/artsmartiauxcompiegnois.fr\/index.php?rest_route=%2Fwp%2Fv2%2Fcomments&post=5721"}],"version-history":[{"count":1,"href":"https:\/\/artsmartiauxcompiegnois.fr\/index.php?rest_route=\/wp\/v2\/posts\/5721\/revisions"}],"predecessor-version":[{"id":5722,"href":"https:\/\/artsmartiauxcompiegnois.fr\/index.php?rest_route=\/wp\/v2\/posts\/5721\/revisions\/5722"}],"wp:attachment":[{"href":"https:\/\/artsmartiauxcompiegnois.fr\/index.php?rest_route=%2Fwp%2Fv2%2Fmedia&parent=5721"}],"wp:term":[{"taxonomy":"category","embeddable":true,"href":"https:\/\/artsmartiauxcompiegnois.fr\/index.php?rest_route=%2Fwp%2Fv2%2Fcategories&post=5721"},{"taxonomy":"post_tag","embeddable":true,"href":"https:\/\/artsmartiauxcompiegnois.fr\/index.php?rest_route=%2Fwp%2Fv2%2Ftags&post=5721"}],"curies":[{"name":"wp","href":"https:\/\/api.w.org\/{rel}","templated":true}]}}