{"id":5940,"date":"2018-04-26T16:22:29","date_gmt":"2018-04-26T14:22:29","guid":{"rendered":"http:\/\/artsmartiauxcompiegnois.fr\/?p=5940"},"modified":"2018-04-26T17:19:26","modified_gmt":"2018-04-26T15:19:26","slug":"decouvrez-le-krav-maga-aux-arts-martiaux-compiegnois","status":"publish","type":"post","link":"https:\/\/artsmartiauxcompiegnois.fr\/?p=5940","title":{"rendered":"D\u00e9couvrez le Krav-Maga aux Arts Martiaux Compi\u00e9gnois"},"content":{"rendered":"<div align=\"justify\">\n<p><img loading=\"lazy\" class=\"wp-image-5596 alignleft\" src=\"http:\/\/artsmartiauxcompiegnois.fr\/wp-content\/uploads\/2018\/03\/Self-defense-3-22032018.png\" alt=\"\" width=\"314\" height=\"336\" srcset=\"https:\/\/artsmartiauxcompiegnois.fr\/wp-content\/uploads\/2018\/03\/Self-defense-3-22032018.png 565w, https:\/\/artsmartiauxcompiegnois.fr\/wp-content\/uploads\/2018\/03\/Self-defense-3-22032018-280x300.png 280w, https:\/\/artsmartiauxcompiegnois.fr\/wp-content\/uploads\/2018\/03\/Self-defense-3-22032018-166x178.png 166w\" sizes=\"(max-width: 314px) 100vw, 314px\" \/><\/p>\n<p>Tous les mardis et jeudis,\u00a0 Jacky ZAMUDIO,\u00a0ceinture noire 6\u00b0\u00a0Dan, accueille les adultes et adolescent\u00a0 \u00e0 son cours de KRAV-MAGA, au gymnase Robida de 18H30 \u00e0 19H45.<a href=\"http:\/\/artsmartiauxcompiegnois.fr\/wp-content\/uploads\/2018\/03\/Self-defense-2-22032018.png\"><img loading=\"lazy\" class=\"wp-image-5595 alignleft\" src=\"http:\/\/artsmartiauxcompiegnois.fr\/wp-content\/uploads\/2018\/03\/Self-defense-2-22032018.png\" alt=\"\" width=\"397\" height=\"263\" srcset=\"https:\/\/artsmartiauxcompiegnois.fr\/wp-content\/uploads\/2018\/03\/Self-defense-2-22032018.png 702w, https:\/\/artsmartiauxcompiegnois.fr\/wp-content\/uploads\/2018\/03\/Self-defense-2-22032018-300x198.png 300w, https:\/\/artsmartiauxcompiegnois.fr\/wp-content\/uploads\/2018\/03\/Self-defense-2-22032018-178x118.png 178w\" sizes=\"(max-width: 397px) 100vw, 397px\" \/><\/a><\/p>\n<p>Vous pouvez le retrouver le mercredi de 20H00 \u00e0 21H15 \u00e0 Margny-les-Compi\u00e8gne.<\/p>\n<h2 style=\"text-align: right;\"><span style=\"color: #ff0000;\">Vous pouvez faire un cours d\u2019essai, pour appr\u00e9cier la qualit\u00e9 de l&rsquo;enseignement &#8230;<\/span><\/h2>\n<h2 style=\"text-align: right;\"><\/h2>\n<h2 style=\"text-align: right;\"><span style=\"color: #ff0000;\">&#8230; et en mai, vous pouvez vous inscrire pour une dur\u00e9e de 2 mois \u00e0 prix r\u00e9duit pour 74 \u20ac.<\/span><\/h2>\n<h2><a href=\"http:\/\/artsmartiauxcompiegnois.fr\/wp-content\/uploads\/2018\/03\/Self-defense-22032018.png\"><img loading=\"lazy\" class=\"aligncenter size-full wp-image-5594\" src=\"http:\/\/artsmartiauxcompiegnois.fr\/wp-content\/uploads\/2018\/03\/Self-defense-22032018.png\" alt=\"\" width=\"991\" height=\"439\" srcset=\"https:\/\/artsmartiauxcompiegnois.fr\/wp-content\/uploads\/2018\/03\/Self-defense-22032018.png 991w, https:\/\/artsmartiauxcompiegnois.fr\/wp-content\/uploads\/2018\/03\/Self-defense-22032018-300x133.png 300w, https:\/\/artsmartiauxcompiegnois.fr\/wp-content\/uploads\/2018\/03\/Self-defense-22032018-768x340.png 768w, https:\/\/artsmartiauxcompiegnois.fr\/wp-content\/uploads\/2018\/03\/Self-defense-22032018-178x79.png 178w\" sizes=\"(max-width: 991px) 100vw, 991px\" \/><\/a><\/h2>\n<p>Contactez le secr\u00e9tariat du club \u00e0 partir de 16H30 au 03 44 86 05 76 pour avoir plus d&rsquo;information.<\/p>\n<\/div>\n","protected":false},"excerpt":{"rendered":"<p>Tous les mardis et jeudis,\u00a0 Jacky ZAMUDIO,\u00a0ceinture noire 6\u00b0\u00a0Dan, accueille les adultes et adolescent\u00a0 \u00e0 son cours de KRAV-MAGA, au gymnase Robida de 18H30 \u00e0 19H45. Vous pouvez le retrouver le mercredi de 20H00 \u00e0 21H15 \u00e0 Margny-les-Compi\u00e8gne. Vous pouvez faire un cours d\u2019essai, pour appr\u00e9cier la qualit\u00e9 de l&rsquo;enseignement &#8230; &#8230; et en mai, [&hellip;]<\/p>\n","protected":false},"author":1,"featured_media":5947,"comment_status":"open","ping_status":"open","sticky":false,"template":"","format":"standard","meta":[],"categories":[8,81,235,7],"tags":[116,51,62,129],"_links":{"self":[{"href":"https:\/\/artsmartiauxcompiegnois.fr\/index.php?rest_route=\/wp\/v2\/posts\/5940"}],"collection":[{"href":"https:\/\/artsmartiauxcompiegnois.fr\/index.php?rest_route=\/wp\/v2\/posts"}],"about":[{"href":"https:\/\/artsmartiauxcompiegnois.fr\/index.php?rest_route=\/wp\/v2\/types\/post"}],"author":[{"embeddable":true,"href":"https:\/\/artsmartiauxcompiegnois.fr\/index.php?rest_route=\/wp\/v2\/users\/1"}],"replies":[{"embeddable":true,"href":"https:\/\/artsmartiauxcompiegnois.fr\/index.php?rest_route=%2Fwp%2Fv2%2Fcomments&post=5940"}],"version-history":[{"count":6,"href":"https:\/\/artsmartiauxcompiegnois.fr\/index.php?rest_route=\/wp\/v2\/posts\/5940\/revisions"}],"predecessor-version":[{"id":5946,"href":"https:\/\/artsmartiauxcompiegnois.fr\/index.php?rest_route=\/wp\/v2\/posts\/5940\/revisions\/5946"}],"wp:featuredmedia":[{"embeddable":true,"href":"https:\/\/artsmartiauxcompiegnois.fr\/index.php?rest_route=\/wp\/v2\/media\/5947"}],"wp:attachment":[{"href":"https:\/\/artsmartiauxcompiegnois.fr\/index.php?rest_route=%2Fwp%2Fv2%2Fmedia&parent=5940"}],"wp:term":[{"taxonomy":"category","embeddable":true,"href":"https:\/\/artsmartiauxcompiegnois.fr\/index.php?rest_route=%2Fwp%2Fv2%2Fcategories&post=5940"},{"taxonomy":"post_tag","embeddable":true,"href":"https:\/\/artsmartiauxcompiegnois.fr\/index.php?rest_route=%2Fwp%2Fv2%2Ftags&post=5940"}],"curies":[{"name":"wp","href":"https:\/\/api.w.org\/{rel}","templated":true}]}}