{"id":6073,"date":"2018-05-11T19:53:33","date_gmt":"2018-05-11T17:53:33","guid":{"rendered":"http:\/\/artsmartiauxcompiegnois.fr\/?p=6073"},"modified":"2018-05-11T20:54:13","modified_gmt":"2018-05-11T18:54:13","slug":"venez-vite-vous-inscrire-au-stage-de-krav-maga","status":"publish","type":"post","link":"https:\/\/artsmartiauxcompiegnois.fr\/?p=6073","title":{"rendered":"Venez vite vous inscrire au stage de Krav-Maga"},"content":{"rendered":"<div align=\"justify\">\n<p>Vous pouvez, d\u2019ores et d\u00e9j\u00e0, vous inscrire au stage de Krav-Maga organis\u00e9 par notre Club le 24 mai 2018 salle Robida.<\/p>\n<p><strong>Nous vous rappelons que Alain Formaggio, animateur de ce stage, est une r\u00e9f\u00e9rence mondiale du Krav-Maga. Ceinture noire 6\u00e8me Dan FFKDA,<\/strong>\u00a0<strong>il d\u00e9tient le plus haut grade officiel de Krav Maga d\u00e9cern\u00e9 en France<\/strong>.<\/p>\n<p>Alain Formaggio propose par ailleurs de nombreux stages qu\u2019il organise directement dans ses \u00e9coles (<a href=\"http:\/\/www.ecoles-alain-formaggio.fr\/alain.formaggio.htm\">http:\/\/www.ecoles-alain-formaggio.fr\/alain.formaggio.htm<\/a>).<\/p>\n<p>Le Club des Arts Martiaux a souhait\u00e9 vous faire b\u00e9n\u00e9ficier des enseignements de ce professeur hors pair.<\/p>\n<p>Cet \u00e9v\u00e9nement exceptionnel, tant dans son organisation au sein de notre club, que dans les droits d\u2019inscription individuelle, est une opportunit\u00e9 \u00e0 ne pas manquer pour la saison 2017-2018.<\/p>\n<p>&nbsp;<\/p>\n<p>Ce stage, ouverts aux praticiens ext\u00e9rieurs, doit tout de m\u00eame montrer, que nos licenci\u00e9s ont un int\u00e9r\u00eat particulier pour ce stage de qualit\u00e9, en venant y participer en grand nombre.<\/p>\n<ul>\n<li>Afin de fluidifier l\u2019organisation des inscriptions et r\u00e8glement des droits sur place, le 24 mai, nous vous invitons \u00e0 vous inscrire d\u00e8s maintenant aupr\u00e8s du secr\u00e9tariat.<\/li>\n<\/ul>\n<p>Nota\u00a0: votre r\u00e8glement par ch\u00e8que ne sera mis \u00e0 l\u2019encaissement qu\u2019apr\u00e8s le stage. Vous pouvez bien entendu r\u00e9gler les droits d\u2019isncription jusqu\u2019au 24 mai par tout mode financier \u00e0 votre convenance.<\/p>\n<p>&nbsp;<\/p>\n<ul>\n<li>Pour mieux accueillir les participants et leur offrir les meilleures conditions pour ce stage, nous mettrons \u00e0 disposition, soit le Dojo, soit le Gymnase, en fonction du nombre d\u2019inscrits. disposition.<\/li>\n<\/ul>\n<p>&nbsp;<\/p>\n<p>Nous comptons sur votre participation active \u00e0 ce stage.<\/p>\n<p>&nbsp;<\/p>\n<p><em>Pour votre information :<\/em><\/p>\n<p>Alain Formaggio, ceinture noire 6\u00e8me Dan de Krav-Maga \u00e0 la FFKDA est professeur dipl\u00f4m\u00e9 d&rsquo;Etat (DEJEPS), membre de la Commission Nationale Krav-Maga.<\/p>\n<p>Le 6\u00e8me Dan de Krav-Maga est le plus haut grade officiel d\u00e9cern\u00e9 en France par la FFKDA, f\u00e9d\u00e9ration d\u00e9l\u00e9gataire du Minist\u00e8re des Sports pour la discipline Krav-Maga.<\/p>\n<p>Alain FORMAGGIO est aussi un professionnel averti puisqu&rsquo;il est fonctionnaire de police depuis plus de 30 ans, formateur et expert en mati\u00e8re de tir et de self d\u00e9fense&#8230;<\/p>\n<p>Par ailleurs, il est :<\/p>\n<p>\u00b7\u00a0\u00a0\u00a0\u00a0\u00a0\u00a0\u00a0 Instructeur f\u00e9d\u00e9ral de Krav maga (DIF FFKDA &#8211; 2009)<\/p>\n<p>\u00b7\u00a0\u00a0\u00a0\u00a0\u00a0\u00a0\u00a0 Instructeur de Krav maga dipl\u00f4m\u00e9 par Eyal Yanilov (1\u00e8re promotion en France &#8211; 1998)<\/p>\n<p>\u00b7\u00a0\u00a0\u00a0\u00a0\u00a0\u00a0\u00a0 Instructeur de Krav maga dipl\u00f4m\u00e9 de l&rsquo;International Budo Academy de Tel-Aviv (reconnaissance Minist\u00e8re des Sports isra\u00e9lien &#8211; 2011)<\/p>\n<p>\u00b7\u00a0\u00a0\u00a0\u00a0\u00a0\u00a0\u00a0 Master Teacher (2011) et repr\u00e9sentant France du Kapap &#8211; Isra\u00ebl (International Kapap Association &#8211; 2008)<\/p>\n<p>\u00b7\u00a0\u00a0\u00a0\u00a0\u00a0\u00a0\u00a0 Fondateur et Directeur Technique mondial de la FFTS (F\u00e9d\u00e9ration internationale des Forces de l&rsquo;ordre et Techniciens de la S\u00e9curit\u00e9)<\/p>\n<p>\u00b7\u00a0\u00a0\u00a0\u00a0\u00a0\u00a0\u00a0 Expert international en Self-d\u00e9fense Pro (8\u00e8me degr\u00e9 FFTS)<\/p>\n<p>\u00b7\u00a0\u00a0\u00a0\u00a0\u00a0\u00a0\u00a0 Co-fondateur du COS (Close-combat Operational System)<\/p>\n<p>\u00b7\u00a0\u00a0\u00a0\u00a0\u00a0\u00a0\u00a0 Instructeur Chef du centre d&rsquo;entra\u00eenement des forces de l&rsquo;ordre de Paris<\/p>\n<p>\u00b7\u00a0\u00a0\u00a0\u00a0\u00a0\u00a0\u00a0 Professeur dipl\u00f4m\u00e9 d&rsquo;\u00e9tat de Savate Boxe fran\u00e7aise (gant d&rsquo;Argent &#8211; BEES 1 &#8211; 1990)<\/p>\n<p>\u00b7\u00a0\u00a0\u00a0\u00a0\u00a0\u00a0\u00a0 M\u00e9daille d&rsquo;Honneur de la Police Nationale<\/p>\n<p>\u00b7\u00a0\u00a0\u00a0\u00a0\u00a0\u00a0\u00a0 M\u00e9daille d&rsquo;Or de la Jeunesse et des Sports<\/p>\n<\/div>\n","protected":false},"excerpt":{"rendered":"<p>Vous pouvez, d\u2019ores et d\u00e9j\u00e0, vous inscrire au stage de Krav-Maga organis\u00e9 par notre Club le 24 mai 2018 salle Robida. Nous vous rappelons que Alain Formaggio, animateur de ce stage, est une r\u00e9f\u00e9rence mondiale du Krav-Maga. Ceinture noire 6\u00e8me Dan FFKDA,\u00a0il d\u00e9tient le plus haut grade officiel de Krav Maga d\u00e9cern\u00e9 en France. Alain [&hellip;]<\/p>\n","protected":false},"author":1,"featured_media":5611,"comment_status":"open","ping_status":"open","sticky":false,"template":"","format":"standard","meta":[],"categories":[8,81,235,7],"tags":[130,116,51,129,192],"_links":{"self":[{"href":"https:\/\/artsmartiauxcompiegnois.fr\/index.php?rest_route=\/wp\/v2\/posts\/6073"}],"collection":[{"href":"https:\/\/artsmartiauxcompiegnois.fr\/index.php?rest_route=\/wp\/v2\/posts"}],"about":[{"href":"https:\/\/artsmartiauxcompiegnois.fr\/index.php?rest_route=\/wp\/v2\/types\/post"}],"author":[{"embeddable":true,"href":"https:\/\/artsmartiauxcompiegnois.fr\/index.php?rest_route=\/wp\/v2\/users\/1"}],"replies":[{"embeddable":true,"href":"https:\/\/artsmartiauxcompiegnois.fr\/index.php?rest_route=%2Fwp%2Fv2%2Fcomments&post=6073"}],"version-history":[{"count":4,"href":"https:\/\/artsmartiauxcompiegnois.fr\/index.php?rest_route=\/wp\/v2\/posts\/6073\/revisions"}],"predecessor-version":[{"id":6077,"href":"https:\/\/artsmartiauxcompiegnois.fr\/index.php?rest_route=\/wp\/v2\/posts\/6073\/revisions\/6077"}],"wp:featuredmedia":[{"embeddable":true,"href":"https:\/\/artsmartiauxcompiegnois.fr\/index.php?rest_route=\/wp\/v2\/media\/5611"}],"wp:attachment":[{"href":"https:\/\/artsmartiauxcompiegnois.fr\/index.php?rest_route=%2Fwp%2Fv2%2Fmedia&parent=6073"}],"wp:term":[{"taxonomy":"category","embeddable":true,"href":"https:\/\/artsmartiauxcompiegnois.fr\/index.php?rest_route=%2Fwp%2Fv2%2Fcategories&post=6073"},{"taxonomy":"post_tag","embeddable":true,"href":"https:\/\/artsmartiauxcompiegnois.fr\/index.php?rest_route=%2Fwp%2Fv2%2Ftags&post=6073"}],"curies":[{"name":"wp","href":"https:\/\/api.w.org\/{rel}","templated":true}]}}