{"id":6464,"date":"2018-06-10T14:41:29","date_gmt":"2018-06-10T12:41:29","guid":{"rendered":"http:\/\/artsmartiauxcompiegnois.fr\/?p=6464"},"modified":"2018-06-10T14:41:29","modified_gmt":"2018-06-10T12:41:29","slug":"lecole-departementale-de-loise-darbitrage-du-cdok-a-ouvert-ses-portes","status":"publish","type":"post","link":"https:\/\/artsmartiauxcompiegnois.fr\/?p=6464","title":{"rendered":"L&rsquo;\u00e9cole d\u00e9partementale de l&rsquo;Oise d&rsquo;arbitrage du CDOK a ouvert ses portes"},"content":{"rendered":"<div align=\"justify\">\n<p>M\u00eame si la participation \u00e0 cette premi\u00e8re r\u00e9union reste modeste, des karat\u00e9kas du Club des Arts Martiaux de Compi\u00e8gne se sont inscrits dans ce parcours de formation.<\/p>\n<p>Cette s\u00e9ance s\u2019est d\u00e9roul\u00e9e le samedi 9 juin 2018, Dojo du Club des Arts Martiaux Compi\u00e9gnois.<\/p>\n<p>Apr\u00e8s la pr\u00e9sentation du dispositif et de son d\u00e9roulement au cours de la saison 2018-2019, Adeline RAFFAULT, arbitre nationale, responsable de l&rsquo;arbitrage du d\u00e9partement de l&rsquo;Oise, a d\u00e9but\u00e9 avec ses nouvelles recrues le premier stage.<\/p>\n<p>Nous la remercions pour son investissement et lui souhaitons une belle r\u00e9ussite dans cette nouvelle initiative pour faire vivre et dynamiser les arts martiaux dans notre d\u00e9partement.<\/p>\n<\/div>\n<p>&nbsp;<\/p>\n<table style=\"height: 296px;\" border=\"02\" width=\"1057\" cellspacing=\"02\" cellpadding=\"02\">\n<tbody>\n<tr>\n<th scope=\"col\"><a href=\"http:\/\/artsmartiauxcompiegnois.fr\/wp-content\/uploads\/2018\/06\/stage-arbitral-2.jpg\"><img loading=\"lazy\" class=\"aligncenter size-full wp-image-6468\" src=\"http:\/\/artsmartiauxcompiegnois.fr\/wp-content\/uploads\/2018\/06\/stage-arbitral-2.jpg\" alt=\"\" width=\"960\" height=\"720\" srcset=\"https:\/\/artsmartiauxcompiegnois.fr\/wp-content\/uploads\/2018\/06\/stage-arbitral-2.jpg 960w, https:\/\/artsmartiauxcompiegnois.fr\/wp-content\/uploads\/2018\/06\/stage-arbitral-2-300x225.jpg 300w, https:\/\/artsmartiauxcompiegnois.fr\/wp-content\/uploads\/2018\/06\/stage-arbitral-2-768x576.jpg 768w, https:\/\/artsmartiauxcompiegnois.fr\/wp-content\/uploads\/2018\/06\/stage-arbitral-2-178x134.jpg 178w\" sizes=\"(max-width: 960px) 100vw, 960px\" \/><\/a><\/th>\n<th scope=\"col\"><a href=\"http:\/\/artsmartiauxcompiegnois.fr\/wp-content\/uploads\/2018\/06\/stage-arbitral-3.jpg\"><img loading=\"lazy\" class=\"aligncenter size-full wp-image-6467\" src=\"http:\/\/artsmartiauxcompiegnois.fr\/wp-content\/uploads\/2018\/06\/stage-arbitral-3.jpg\" alt=\"\" width=\"960\" height=\"720\" srcset=\"https:\/\/artsmartiauxcompiegnois.fr\/wp-content\/uploads\/2018\/06\/stage-arbitral-3.jpg 960w, https:\/\/artsmartiauxcompiegnois.fr\/wp-content\/uploads\/2018\/06\/stage-arbitral-3-300x225.jpg 300w, https:\/\/artsmartiauxcompiegnois.fr\/wp-content\/uploads\/2018\/06\/stage-arbitral-3-768x576.jpg 768w, https:\/\/artsmartiauxcompiegnois.fr\/wp-content\/uploads\/2018\/06\/stage-arbitral-3-178x134.jpg 178w\" sizes=\"(max-width: 960px) 100vw, 960px\" \/><\/a><\/th>\n<th scope=\"col\"><a href=\"http:\/\/artsmartiauxcompiegnois.fr\/wp-content\/uploads\/2018\/06\/stage-arbitral-5.jpg\"><img loading=\"lazy\" class=\"aligncenter size-full wp-image-6466\" src=\"http:\/\/artsmartiauxcompiegnois.fr\/wp-content\/uploads\/2018\/06\/stage-arbitral-5.jpg\" alt=\"\" width=\"960\" height=\"720\" srcset=\"https:\/\/artsmartiauxcompiegnois.fr\/wp-content\/uploads\/2018\/06\/stage-arbitral-5.jpg 960w, https:\/\/artsmartiauxcompiegnois.fr\/wp-content\/uploads\/2018\/06\/stage-arbitral-5-300x225.jpg 300w, https:\/\/artsmartiauxcompiegnois.fr\/wp-content\/uploads\/2018\/06\/stage-arbitral-5-768x576.jpg 768w, https:\/\/artsmartiauxcompiegnois.fr\/wp-content\/uploads\/2018\/06\/stage-arbitral-5-178x134.jpg 178w\" sizes=\"(max-width: 960px) 100vw, 960px\" \/><\/a><\/th>\n<\/tr>\n<\/tbody>\n<\/table>\n<div align=\"right\">Cr\u00e9dits photo : Akim Bahmed<\/div>\n","protected":false},"excerpt":{"rendered":"<p>M\u00eame si la participation \u00e0 cette premi\u00e8re r\u00e9union reste modeste, des karat\u00e9kas du Club des Arts Martiaux de Compi\u00e8gne se sont inscrits dans ce parcours de formation. Cette s\u00e9ance s\u2019est d\u00e9roul\u00e9e le samedi 9 juin 2018, Dojo du Club des Arts Martiaux Compi\u00e9gnois. Apr\u00e8s la pr\u00e9sentation du dispositif et de son d\u00e9roulement au cours de [&hellip;]<\/p>\n","protected":false},"author":1,"featured_media":6469,"comment_status":"open","ping_status":"open","sticky":false,"template":"","format":"standard","meta":[],"categories":[4,1],"tags":[266,51,53,263,229],"_links":{"self":[{"href":"https:\/\/artsmartiauxcompiegnois.fr\/index.php?rest_route=\/wp\/v2\/posts\/6464"}],"collection":[{"href":"https:\/\/artsmartiauxcompiegnois.fr\/index.php?rest_route=\/wp\/v2\/posts"}],"about":[{"href":"https:\/\/artsmartiauxcompiegnois.fr\/index.php?rest_route=\/wp\/v2\/types\/post"}],"author":[{"embeddable":true,"href":"https:\/\/artsmartiauxcompiegnois.fr\/index.php?rest_route=\/wp\/v2\/users\/1"}],"replies":[{"embeddable":true,"href":"https:\/\/artsmartiauxcompiegnois.fr\/index.php?rest_route=%2Fwp%2Fv2%2Fcomments&post=6464"}],"version-history":[{"count":4,"href":"https:\/\/artsmartiauxcompiegnois.fr\/index.php?rest_route=\/wp\/v2\/posts\/6464\/revisions"}],"predecessor-version":[{"id":6472,"href":"https:\/\/artsmartiauxcompiegnois.fr\/index.php?rest_route=\/wp\/v2\/posts\/6464\/revisions\/6472"}],"wp:featuredmedia":[{"embeddable":true,"href":"https:\/\/artsmartiauxcompiegnois.fr\/index.php?rest_route=\/wp\/v2\/media\/6469"}],"wp:attachment":[{"href":"https:\/\/artsmartiauxcompiegnois.fr\/index.php?rest_route=%2Fwp%2Fv2%2Fmedia&parent=6464"}],"wp:term":[{"taxonomy":"category","embeddable":true,"href":"https:\/\/artsmartiauxcompiegnois.fr\/index.php?rest_route=%2Fwp%2Fv2%2Fcategories&post=6464"},{"taxonomy":"post_tag","embeddable":true,"href":"https:\/\/artsmartiauxcompiegnois.fr\/index.php?rest_route=%2Fwp%2Fv2%2Ftags&post=6464"}],"curies":[{"name":"wp","href":"https:\/\/api.w.org\/{rel}","templated":true}]}}