{"id":6705,"date":"2018-10-22T14:12:04","date_gmt":"2018-10-22T12:12:04","guid":{"rendered":"http:\/\/artsmartiauxcompiegnois.fr\/?p=6705"},"modified":"2018-11-06T17:25:44","modified_gmt":"2018-11-06T15:25:44","slug":"assemblee-generale-ordinaire-des-adherents-du-club-des-arts-martiaux-compiegnois-le-20-octobre-2018","status":"publish","type":"post","link":"https:\/\/artsmartiauxcompiegnois.fr\/?p=6705","title":{"rendered":"Assembl\u00e9e G\u00e9n\u00e9rale Ordinaire des adh\u00e9rents du Club des Arts Martiaux Compi\u00e9gnois le 20 octobre 2018"},"content":{"rendered":"<p>Le Club des Arts Martiaux Compi\u00e9gnois a re\u00e7u ses adh\u00e9rents lors de l&rsquo;Assembl\u00e9e G\u00e9n\u00e9rale Ordinaire de samedi 20 octobre 2018, \u00e0 14 heures.<\/p>\n<p><a href=\"http:\/\/artsmartiauxcompiegnois.fr\/wp-content\/uploads\/2018\/10\/IMG_2481.jpg\"><img loading=\"lazy\" class=\"wp-image-6707 aligncenter\" src=\"http:\/\/artsmartiauxcompiegnois.fr\/wp-content\/uploads\/2018\/10\/IMG_2481.jpg\" alt=\"\" width=\"629\" height=\"419\" srcset=\"https:\/\/artsmartiauxcompiegnois.fr\/wp-content\/uploads\/2018\/10\/IMG_2481.jpg 3456w, https:\/\/artsmartiauxcompiegnois.fr\/wp-content\/uploads\/2018\/10\/IMG_2481-300x200.jpg 300w, https:\/\/artsmartiauxcompiegnois.fr\/wp-content\/uploads\/2018\/10\/IMG_2481-768x512.jpg 768w, https:\/\/artsmartiauxcompiegnois.fr\/wp-content\/uploads\/2018\/10\/IMG_2481-1024x683.jpg 1024w, https:\/\/artsmartiauxcompiegnois.fr\/wp-content\/uploads\/2018\/10\/IMG_2481-178x119.jpg 178w, https:\/\/artsmartiauxcompiegnois.fr\/wp-content\/uploads\/2018\/10\/IMG_2481-272x182.jpg 272w\" sizes=\"(max-width: 629px) 100vw, 629px\" \/><\/a><\/p>\n<p style=\"text-align: justify;\">Au cours de cette r\u00e9union, conform\u00e9ment \u00e0 l\u2019ordre du jour \u00e9tabli, le bilan moral de la saison sportive 2017-2018, le bilan d&rsquo;activit\u00e9s, les modifications \u00e0 apporter aux statuts et au r\u00e8glement int\u00e9rieur, ont \u00e9t\u00e9 pr\u00e9sent\u00e9s et soumis \u00e0 l\u2019approbation des adh\u00e9rents. L\u2019Expert-Comptable du Club, a expos\u00e9 le rapport financier de la saison 2017-2018.<\/p>\n<p style=\"text-align: justify;\">Tous les points ont fait l\u2019objet d\u2019un vote et ont \u00e9t\u00e9 approuv\u00e9s la majorit\u00e9 absolue.<\/p>\n<p>Cette Assembl\u00e9e G\u00e9n\u00e9rale a \u00e9t\u00e9 suivie du traditionnel pot de l&rsquo;amiti\u00e9.<\/p>\n<p>Nous remercions les b\u00e9n\u00e9voles qui ont aid\u00e9 \u00e0 la pr\u00e9paration de cette Assembl\u00e9e G\u00e9n\u00e9rale.<\/p>\n<p><a href=\"http:\/\/artsmartiauxcompiegnois.fr\/wp-content\/uploads\/2018\/10\/IMG_2487.jpg\"><img loading=\"lazy\" class=\" wp-image-6709 alignleft\" src=\"http:\/\/artsmartiauxcompiegnois.fr\/wp-content\/uploads\/2018\/10\/IMG_2487.jpg\" alt=\"\" width=\"552\" height=\"368\" srcset=\"https:\/\/artsmartiauxcompiegnois.fr\/wp-content\/uploads\/2018\/10\/IMG_2487.jpg 3456w, https:\/\/artsmartiauxcompiegnois.fr\/wp-content\/uploads\/2018\/10\/IMG_2487-300x200.jpg 300w, https:\/\/artsmartiauxcompiegnois.fr\/wp-content\/uploads\/2018\/10\/IMG_2487-768x512.jpg 768w, https:\/\/artsmartiauxcompiegnois.fr\/wp-content\/uploads\/2018\/10\/IMG_2487-1024x683.jpg 1024w, https:\/\/artsmartiauxcompiegnois.fr\/wp-content\/uploads\/2018\/10\/IMG_2487-178x119.jpg 178w, https:\/\/artsmartiauxcompiegnois.fr\/wp-content\/uploads\/2018\/10\/IMG_2487-272x182.jpg 272w\" sizes=\"(max-width: 552px) 100vw, 552px\" \/><\/a><\/p>\n<p>&nbsp;<\/p>\n<p><a href=\"http:\/\/artsmartiauxcompiegnois.fr\/wp-content\/uploads\/2018\/10\/IMG_2490.jpg\"><img loading=\"lazy\" class=\"wp-image-6710 alignright\" src=\"http:\/\/artsmartiauxcompiegnois.fr\/wp-content\/uploads\/2018\/10\/IMG_2490.jpg\" alt=\"\" width=\"602\" height=\"401\" srcset=\"https:\/\/artsmartiauxcompiegnois.fr\/wp-content\/uploads\/2018\/10\/IMG_2490.jpg 3456w, https:\/\/artsmartiauxcompiegnois.fr\/wp-content\/uploads\/2018\/10\/IMG_2490-300x200.jpg 300w, https:\/\/artsmartiauxcompiegnois.fr\/wp-content\/uploads\/2018\/10\/IMG_2490-768x512.jpg 768w, https:\/\/artsmartiauxcompiegnois.fr\/wp-content\/uploads\/2018\/10\/IMG_2490-1024x683.jpg 1024w, https:\/\/artsmartiauxcompiegnois.fr\/wp-content\/uploads\/2018\/10\/IMG_2490-178x119.jpg 178w, https:\/\/artsmartiauxcompiegnois.fr\/wp-content\/uploads\/2018\/10\/IMG_2490-272x182.jpg 272w\" sizes=\"(max-width: 602px) 100vw, 602px\" \/><\/a><img loading=\"lazy\" class=\"wp-image-6711 alignleft\" src=\"http:\/\/artsmartiauxcompiegnois.fr\/wp-content\/uploads\/2018\/10\/IMG_2492.jpg\" alt=\"\" width=\"605\" height=\"403\" srcset=\"https:\/\/artsmartiauxcompiegnois.fr\/wp-content\/uploads\/2018\/10\/IMG_2492.jpg 3456w, https:\/\/artsmartiauxcompiegnois.fr\/wp-content\/uploads\/2018\/10\/IMG_2492-300x200.jpg 300w, https:\/\/artsmartiauxcompiegnois.fr\/wp-content\/uploads\/2018\/10\/IMG_2492-768x512.jpg 768w, https:\/\/artsmartiauxcompiegnois.fr\/wp-content\/uploads\/2018\/10\/IMG_2492-1024x683.jpg 1024w, https:\/\/artsmartiauxcompiegnois.fr\/wp-content\/uploads\/2018\/10\/IMG_2492-178x119.jpg 178w, https:\/\/artsmartiauxcompiegnois.fr\/wp-content\/uploads\/2018\/10\/IMG_2492-272x182.jpg 272w\" sizes=\"(max-width: 605px) 100vw, 605px\" \/><!--more--><\/p>\n","protected":false},"excerpt":{"rendered":"<p>Le Club des Arts Martiaux Compi\u00e9gnois a re\u00e7u ses adh\u00e9rents lors de l&rsquo;Assembl\u00e9e G\u00e9n\u00e9rale Ordinaire de samedi 20 octobre 2018, \u00e0 14 heures. Au cours de cette r\u00e9union, conform\u00e9ment \u00e0 l\u2019ordre du jour \u00e9tabli, le bilan moral de la saison sportive 2017-2018, le bilan d&rsquo;activit\u00e9s, les modifications \u00e0 apporter aux statuts et au r\u00e8glement int\u00e9rieur, [&hellip;]<\/p>\n","protected":false},"author":1,"featured_media":6706,"comment_status":"open","ping_status":"open","sticky":false,"template":"","format":"standard","meta":[],"categories":[38,8,7,18],"tags":[216],"_links":{"self":[{"href":"https:\/\/artsmartiauxcompiegnois.fr\/index.php?rest_route=\/wp\/v2\/posts\/6705"}],"collection":[{"href":"https:\/\/artsmartiauxcompiegnois.fr\/index.php?rest_route=\/wp\/v2\/posts"}],"about":[{"href":"https:\/\/artsmartiauxcompiegnois.fr\/index.php?rest_route=\/wp\/v2\/types\/post"}],"author":[{"embeddable":true,"href":"https:\/\/artsmartiauxcompiegnois.fr\/index.php?rest_route=\/wp\/v2\/users\/1"}],"replies":[{"embeddable":true,"href":"https:\/\/artsmartiauxcompiegnois.fr\/index.php?rest_route=%2Fwp%2Fv2%2Fcomments&post=6705"}],"version-history":[{"count":9,"href":"https:\/\/artsmartiauxcompiegnois.fr\/index.php?rest_route=\/wp\/v2\/posts\/6705\/revisions"}],"predecessor-version":[{"id":6726,"href":"https:\/\/artsmartiauxcompiegnois.fr\/index.php?rest_route=\/wp\/v2\/posts\/6705\/revisions\/6726"}],"wp:featuredmedia":[{"embeddable":true,"href":"https:\/\/artsmartiauxcompiegnois.fr\/index.php?rest_route=\/wp\/v2\/media\/6706"}],"wp:attachment":[{"href":"https:\/\/artsmartiauxcompiegnois.fr\/index.php?rest_route=%2Fwp%2Fv2%2Fmedia&parent=6705"}],"wp:term":[{"taxonomy":"category","embeddable":true,"href":"https:\/\/artsmartiauxcompiegnois.fr\/index.php?rest_route=%2Fwp%2Fv2%2Fcategories&post=6705"},{"taxonomy":"post_tag","embeddable":true,"href":"https:\/\/artsmartiauxcompiegnois.fr\/index.php?rest_route=%2Fwp%2Fv2%2Ftags&post=6705"}],"curies":[{"name":"wp","href":"https:\/\/api.w.org\/{rel}","templated":true}]}}