{"id":6728,"date":"2018-10-27T20:00:13","date_gmt":"2018-10-27T18:00:13","guid":{"rendered":"http:\/\/artsmartiauxcompiegnois.fr\/?p=6728"},"modified":"2018-11-06T17:25:44","modified_gmt":"2018-11-06T15:25:44","slug":"assemblee-generale-de-la-zone-interdepartementale-zid-de-picardie-de-karate-le-27-oct-2018","status":"publish","type":"post","link":"https:\/\/artsmartiauxcompiegnois.fr\/?p=6728","title":{"rendered":"Assembl\u00e9e G\u00e9n\u00e9rale de la Zone Interd\u00e9partementale (ZID) de Picardie de Karat\u00e9 le 27 oct 2018"},"content":{"rendered":"<p>Notre Pr\u00e9sident a repr\u00e9sent\u00e9 le Club des Arts Martiaux Compi\u00e9gnois, \u00e0 l\u2019Assembl\u00e9e G\u00e9n\u00e9rale de la Zone Interd\u00e9partementale (ZID) de Picardie de Karat\u00e9 et les Disciplines associ\u00e9es qui s&rsquo;est d\u00e9roul\u00e9e sous la Pr\u00e9sidence de Philippe DHERBECOURT, le 27 octobre 2018 au Colis\u00e9um d&rsquo;Amiens.<br \/>\n<ins datetime=\"2018-10-27T14:06:58+00:00-jp\"><\/ins><\/p>\n","protected":false},"excerpt":{"rendered":"<p>Notre Pr\u00e9sident a repr\u00e9sent\u00e9 le Club des Arts Martiaux Compi\u00e9gnois, \u00e0 l\u2019Assembl\u00e9e G\u00e9n\u00e9rale de la Zone Interd\u00e9partementale (ZID) de Picardie de Karat\u00e9 et les Disciplines associ\u00e9es qui s&rsquo;est d\u00e9roul\u00e9e sous la Pr\u00e9sidence de Philippe DHERBECOURT, le 27 octobre 2018 au Colis\u00e9um d&rsquo;Amiens.<\/p>\n","protected":false},"author":1,"featured_media":0,"comment_status":"open","ping_status":"open","sticky":false,"template":"","format":"standard","meta":[],"categories":[29,4,7,18],"tags":[51,55,240],"_links":{"self":[{"href":"https:\/\/artsmartiauxcompiegnois.fr\/index.php?rest_route=\/wp\/v2\/posts\/6728"}],"collection":[{"href":"https:\/\/artsmartiauxcompiegnois.fr\/index.php?rest_route=\/wp\/v2\/posts"}],"about":[{"href":"https:\/\/artsmartiauxcompiegnois.fr\/index.php?rest_route=\/wp\/v2\/types\/post"}],"author":[{"embeddable":true,"href":"https:\/\/artsmartiauxcompiegnois.fr\/index.php?rest_route=\/wp\/v2\/users\/1"}],"replies":[{"embeddable":true,"href":"https:\/\/artsmartiauxcompiegnois.fr\/index.php?rest_route=%2Fwp%2Fv2%2Fcomments&post=6728"}],"version-history":[{"count":6,"href":"https:\/\/artsmartiauxcompiegnois.fr\/index.php?rest_route=\/wp\/v2\/posts\/6728\/revisions"}],"predecessor-version":[{"id":6730,"href":"https:\/\/artsmartiauxcompiegnois.fr\/index.php?rest_route=\/wp\/v2\/posts\/6728\/revisions\/6730"}],"wp:attachment":[{"href":"https:\/\/artsmartiauxcompiegnois.fr\/index.php?rest_route=%2Fwp%2Fv2%2Fmedia&parent=6728"}],"wp:term":[{"taxonomy":"category","embeddable":true,"href":"https:\/\/artsmartiauxcompiegnois.fr\/index.php?rest_route=%2Fwp%2Fv2%2Fcategories&post=6728"},{"taxonomy":"post_tag","embeddable":true,"href":"https:\/\/artsmartiauxcompiegnois.fr\/index.php?rest_route=%2Fwp%2Fv2%2Ftags&post=6728"}],"curies":[{"name":"wp","href":"https:\/\/api.w.org\/{rel}","templated":true}]}}