{"id":6751,"date":"2018-11-03T16:47:45","date_gmt":"2018-11-03T14:47:45","guid":{"rendered":"http:\/\/artsmartiauxcompiegnois.fr\/?p=6751"},"modified":"2018-11-06T17:38:59","modified_gmt":"2018-11-06T15:38:59","slug":"assemblee-generale-du-comite-departemental-de-loise-de-karate-le-samedi-04-novembre-2018","status":"publish","type":"post","link":"https:\/\/artsmartiauxcompiegnois.fr\/?p=6751","title":{"rendered":"Assembl\u00e9e G\u00e9n\u00e9rale du Comit\u00e9 D\u00e9partemental de l&rsquo;Oise de Karat\u00e9 le samedi 03 novembre 2018"},"content":{"rendered":"<div align=\"justify\">\n<p>Samedi 3 novembre 2018, l\u2019Assembl\u00e9e G\u00e9n\u00e9rale du Comit\u00e9 D\u00e9partemental de l\u2019Oise de Karat\u00e9 ((C.D.O.K) s&rsquo;est d\u00e9roul\u00e9e \u00e0 Creil. Akim Bahmed, notre Pr\u00e9sident a particip\u00e9 \u00e0 cette Assembl\u00e9e en sa qualit\u00e9 de Vice-pr\u00e9sident du C.D.O.K. et Responsable de la section de TaiJitsu.<\/p>\n<p>Lors de cette r\u00e9union, les grad\u00e9s ainsi que les m\u00e9daillers d\u2019argent et de bronze de la FFK ont \u00e9t\u00e9 honor\u00e9s.<\/p>\n<p><a href=\"http:\/\/artsmartiauxcompiegnois.fr\/wp-content\/uploads\/2018\/11\/cdok2.png\"><img loading=\"lazy\" class=\"aligncenter size-full wp-image-6757\" src=\"http:\/\/artsmartiauxcompiegnois.fr\/wp-content\/uploads\/2018\/11\/cdok2.png\" alt=\"\" width=\"561\" height=\"513\" srcset=\"https:\/\/artsmartiauxcompiegnois.fr\/wp-content\/uploads\/2018\/11\/cdok2.png 561w, https:\/\/artsmartiauxcompiegnois.fr\/wp-content\/uploads\/2018\/11\/cdok2-300x274.png 300w, https:\/\/artsmartiauxcompiegnois.fr\/wp-content\/uploads\/2018\/11\/cdok2-178x163.png 178w\" sizes=\"(max-width: 561px) 100vw, 561px\" \/><\/a><\/p>\n<\/div>\n<p>&nbsp;<\/p>\n","protected":false},"excerpt":{"rendered":"<p>Samedi 3 novembre 2018, l\u2019Assembl\u00e9e G\u00e9n\u00e9rale du Comit\u00e9 D\u00e9partemental de l\u2019Oise de Karat\u00e9 ((C.D.O.K) s&rsquo;est d\u00e9roul\u00e9e \u00e0 Creil. Akim Bahmed, notre Pr\u00e9sident a particip\u00e9 \u00e0 cette Assembl\u00e9e en sa qualit\u00e9 de Vice-pr\u00e9sident du C.D.O.K. et Responsable de la section de TaiJitsu. Lors de cette r\u00e9union, les grad\u00e9s ainsi que les m\u00e9daillers d\u2019argent et de bronze [&hellip;]<\/p>\n","protected":false},"author":1,"featured_media":6755,"comment_status":"open","ping_status":"open","sticky":false,"template":"","format":"standard","meta":[],"categories":[29,36,235,7,5],"tags":[216,227],"_links":{"self":[{"href":"https:\/\/artsmartiauxcompiegnois.fr\/index.php?rest_route=\/wp\/v2\/posts\/6751"}],"collection":[{"href":"https:\/\/artsmartiauxcompiegnois.fr\/index.php?rest_route=\/wp\/v2\/posts"}],"about":[{"href":"https:\/\/artsmartiauxcompiegnois.fr\/index.php?rest_route=\/wp\/v2\/types\/post"}],"author":[{"embeddable":true,"href":"https:\/\/artsmartiauxcompiegnois.fr\/index.php?rest_route=\/wp\/v2\/users\/1"}],"replies":[{"embeddable":true,"href":"https:\/\/artsmartiauxcompiegnois.fr\/index.php?rest_route=%2Fwp%2Fv2%2Fcomments&post=6751"}],"version-history":[{"count":9,"href":"https:\/\/artsmartiauxcompiegnois.fr\/index.php?rest_route=\/wp\/v2\/posts\/6751\/revisions"}],"predecessor-version":[{"id":6775,"href":"https:\/\/artsmartiauxcompiegnois.fr\/index.php?rest_route=\/wp\/v2\/posts\/6751\/revisions\/6775"}],"wp:featuredmedia":[{"embeddable":true,"href":"https:\/\/artsmartiauxcompiegnois.fr\/index.php?rest_route=\/wp\/v2\/media\/6755"}],"wp:attachment":[{"href":"https:\/\/artsmartiauxcompiegnois.fr\/index.php?rest_route=%2Fwp%2Fv2%2Fmedia&parent=6751"}],"wp:term":[{"taxonomy":"category","embeddable":true,"href":"https:\/\/artsmartiauxcompiegnois.fr\/index.php?rest_route=%2Fwp%2Fv2%2Fcategories&post=6751"},{"taxonomy":"post_tag","embeddable":true,"href":"https:\/\/artsmartiauxcompiegnois.fr\/index.php?rest_route=%2Fwp%2Fv2%2Ftags&post=6751"}],"curies":[{"name":"wp","href":"https:\/\/api.w.org\/{rel}","templated":true}]}}