{"id":6783,"date":"2018-11-08T13:32:50","date_gmt":"2018-11-08T11:32:50","guid":{"rendered":"http:\/\/artsmartiauxcompiegnois.fr\/?p=6783"},"modified":"2018-11-08T13:34:54","modified_gmt":"2018-11-08T11:34:54","slug":"apres-une-courte-pause-les-cours-ont-repris-le-05-nov-2018","status":"publish","type":"post","link":"https:\/\/artsmartiauxcompiegnois.fr\/?p=6783","title":{"rendered":"Apr\u00e8s une courte pause, les cours ont repris le 05 nov 2018"},"content":{"rendered":"<p>Apr\u00e8s une courte pause durant la seconde semaine de vacances scolaires, les cours ont repris aux horaires habituels.<\/p>\n<p>F\u00e9licitons nos jeunes karat\u00e9kas qui sont venus s&rsquo;entra\u00eener avec Toufik pour s&rsquo;inscrire et pr\u00e9parer leur prochaune comp\u00e9titions. Bravo \u00e0 eux pour leur t\u00e9nacit\u00e9 ainsi qu&rsquo;\u00e0 Toufik qui vient dynamiser cette discipline.<\/p>\n<p>&nbsp;<\/p>\n<p>Pendant ce m\u00eame temps, Armel et David sont venus animer deux s\u00e9ances qui ont rencontr\u00e9 un bon succs aupr\u00e8s de certains de leurs \u00e9l\u00e8ves.<\/p>\n<p>Nous les encourageons (\u00e9l\u00e8ves et encadrants) \u00e9galement dans leur pratique assidue de leur discipline.<\/p>\n","protected":false},"excerpt":{"rendered":"<p>Apr\u00e8s une courte pause durant la seconde semaine de vacances scolaires, les cours ont repris aux horaires habituels. F\u00e9licitons nos jeunes karat\u00e9kas qui sont venus s&rsquo;entra\u00eener avec Toufik pour s&rsquo;inscrire et pr\u00e9parer leur prochaune comp\u00e9titions. Bravo \u00e0 eux pour leur t\u00e9nacit\u00e9 ainsi qu&rsquo;\u00e0 Toufik qui vient dynamiser cette discipline. &nbsp; Pendant ce m\u00eame temps, Armel [&hellip;]<\/p>\n","protected":false},"author":1,"featured_media":0,"comment_status":"open","ping_status":"open","sticky":false,"template":"","format":"standard","meta":[],"categories":[3,4,7],"tags":[61,55,273],"_links":{"self":[{"href":"https:\/\/artsmartiauxcompiegnois.fr\/index.php?rest_route=\/wp\/v2\/posts\/6783"}],"collection":[{"href":"https:\/\/artsmartiauxcompiegnois.fr\/index.php?rest_route=\/wp\/v2\/posts"}],"about":[{"href":"https:\/\/artsmartiauxcompiegnois.fr\/index.php?rest_route=\/wp\/v2\/types\/post"}],"author":[{"embeddable":true,"href":"https:\/\/artsmartiauxcompiegnois.fr\/index.php?rest_route=\/wp\/v2\/users\/1"}],"replies":[{"embeddable":true,"href":"https:\/\/artsmartiauxcompiegnois.fr\/index.php?rest_route=%2Fwp%2Fv2%2Fcomments&post=6783"}],"version-history":[{"count":2,"href":"https:\/\/artsmartiauxcompiegnois.fr\/index.php?rest_route=\/wp\/v2\/posts\/6783\/revisions"}],"predecessor-version":[{"id":6785,"href":"https:\/\/artsmartiauxcompiegnois.fr\/index.php?rest_route=\/wp\/v2\/posts\/6783\/revisions\/6785"}],"wp:attachment":[{"href":"https:\/\/artsmartiauxcompiegnois.fr\/index.php?rest_route=%2Fwp%2Fv2%2Fmedia&parent=6783"}],"wp:term":[{"taxonomy":"category","embeddable":true,"href":"https:\/\/artsmartiauxcompiegnois.fr\/index.php?rest_route=%2Fwp%2Fv2%2Fcategories&post=6783"},{"taxonomy":"post_tag","embeddable":true,"href":"https:\/\/artsmartiauxcompiegnois.fr\/index.php?rest_route=%2Fwp%2Fv2%2Ftags&post=6783"}],"curies":[{"name":"wp","href":"https:\/\/api.w.org\/{rel}","templated":true}]}}